{"id":51992,"date":"2026-04-30T11:20:29","date_gmt":"2026-04-30T11:20:29","guid":{"rendered":"https:\/\/conclusao.pt\/portal\/?p=51992"},"modified":"2026-04-30T11:20:33","modified_gmt":"2026-04-30T11:20:33","slug":"conclusao-estudos-e-formacao-presente-no-portugal-nacao-global-em-lisboa","status":"publish","type":"post","link":"https:\/\/conclusao.pt\/portal\/2026\/04\/30\/conclusao-estudos-e-formacao-presente-no-portugal-nacao-global-em-lisboa\/","title":{"rendered":"Conclus\u00e3o Estudos e Forma\u00e7\u00e3o presente no Portugal Na\u00e7\u00e3o Global em Lisboa"},"content":{"rendered":"\n<p><strong>Participa\u00e7\u00e3o refor\u00e7a aposta na internacionaliza\u00e7\u00e3o, qualifica\u00e7\u00e3o e inova\u00e7\u00e3o na forma\u00e7\u00e3o profissional<\/strong><\/p>\n\n\n\n<p>A Conclus\u00e3o Estudos e Forma\u00e7\u00e3o marcou presen\u00e7a no Portugal Na\u00e7\u00e3o Global, um evento de refer\u00eancia que re\u00fane empresas, institui\u00e7\u00f5es e especialistas com o objetivo de promover a internacionaliza\u00e7\u00e3o das empresas portuguesas, a inova\u00e7\u00e3o e a valoriza\u00e7\u00e3o do talento nacional.<\/p>\n\n\n\n<p>A participa\u00e7\u00e3o da Conclus\u00e3o neste evento estrat\u00e9gico refor\u00e7a o seu posicionamento como entidade de refer\u00eancia na \u00e1rea da forma\u00e7\u00e3o profissional em Portugal, alinhada com as principais tend\u00eancias globais e com as exig\u00eancias de um mercado cada vez mais digital, competitivo e orientado para compet\u00eancias. Ao integrar este espa\u00e7o de partilha e networking empresarial, a empresa teve a oportunidade de estabelecer contactos, identificar novas oportunidades de colabora\u00e7\u00e3o e acompanhar de perto as estrat\u00e9gias que est\u00e3o a moldar o futuro das organiza\u00e7\u00f5es.<\/p>\n\n\n\n<p>Durante o evento, a Conclus\u00e3o esteve representada por Alice Anjos, da delega\u00e7\u00e3o de Lisboa, que teve a oportunidade de trocar algumas palavras com o Em\u00eddio Sousa, Secret\u00e1rio de Estado das Comunidades Portuguesas. Este momento destacou a import\u00e2ncia da liga\u00e7\u00e3o entre o setor da forma\u00e7\u00e3o profissional e o Governo, nomeadamente atrav\u00e9s da Secretaria de Estado das Comunidades Portuguesas, na promo\u00e7\u00e3o da qualifica\u00e7\u00e3o, mobilidade e internacionaliza\u00e7\u00e3o dos portugueses.<\/p>\n\n\n\n<p>O Portugal Na\u00e7\u00e3o Global afirma-se como uma plataforma privilegiada para a discuss\u00e3o de temas estrat\u00e9gicos como a qualifica\u00e7\u00e3o de recursos humanos, a transi\u00e7\u00e3o digital, a inova\u00e7\u00e3o empresarial e a internacionaliza\u00e7\u00e3o, \u00e1reas nas quais a Conclus\u00e3o Estudos e Forma\u00e7\u00e3o tem vindo a investir de forma consistente ao longo dos anos.<\/p>\n\n\n\n<p>Com esta participa\u00e7\u00e3o, a Conclus\u00e3o refor\u00e7a o seu compromisso com o desenvolvimento de compet\u00eancias, a inova\u00e7\u00e3o pedag\u00f3gica e a cria\u00e7\u00e3o de valor para pessoas e organiza\u00e7\u00f5es, contribuindo ativamente para um ecossistema formativo mais competitivo, moderno e preparado para os desafios globais.<\/p>\n","protected":false},"excerpt":{"rendered":"<p>Participa\u00e7\u00e3o refor\u00e7a aposta na internacionaliza\u00e7\u00e3o, qualifica\u00e7\u00e3o e inova\u00e7\u00e3o na forma\u00e7\u00e3o profissional A Conclus\u00e3o Estudos e Forma\u00e7\u00e3o marcou presen\u00e7a no Portugal Na\u00e7\u00e3o Global, um evento de refer\u00eancia que re\u00fane empresas, institui\u00e7\u00f5es e especialistas com o objetivo de promover a internacionaliza\u00e7\u00e3o das empresas portuguesas, a inova\u00e7\u00e3o e a valoriza\u00e7\u00e3o do talento nacional. A participa\u00e7\u00e3o da Conclus\u00e3o neste &hellip;<\/p>\n<p class=\"read-more\"> <a class=\"\" href=\"https:\/\/conclusao.pt\/portal\/2026\/04\/30\/conclusao-estudos-e-formacao-presente-no-portugal-nacao-global-em-lisboa\/\"> <span class=\"screen-reader-text\">Conclus\u00e3o Estudos e Forma\u00e7\u00e3o presente no Portugal Na\u00e7\u00e3o Global em Lisboa<\/span> Read More &raquo;<\/a><\/p>\n","protected":false},"author":7,"featured_media":51993,"comment_status":"open","ping_status":"open","sticky":false,"template":"","format":"standard","meta":{"om_disable_all_campaigns":false,"_uag_custom_page_level_css":"","sfsi_plus_gutenberg_text_before_share":"","sfsi_plus_gutenberg_show_text_before_share":"","sfsi_plus_gutenberg_icon_type":"","sfsi_plus_gutenberg_icon_alignemt":"","sfsi_plus_gutenburg_max_per_row":"","site-sidebar-layout":"default","site-content-layout":"default","ast-global-header-display":"","ast-banner-title-visibility":"","ast-main-header-display":"","ast-hfb-above-header-display":"","ast-hfb-below-header-display":"","ast-hfb-mobile-header-display":"","site-post-title":"","ast-breadcrumbs-content":"","ast-featured-img":"","footer-sml-layout":"","theme-transparent-header-meta":"","adv-header-id-meta":"","stick-header-meta":"","header-above-stick-meta":"","header-main-stick-meta":"","header-below-stick-meta":"","_joinchat":[],"footnotes":""},"categories":[329],"tags":[],"class_list":["post-51992","post","type-post","status-publish","format-standard","has-post-thumbnail","hentry","category-noticias"],"yoast_head":"<!-- This site is optimized with the Yoast SEO plugin v26.5 - https:\/\/yoast.com\/wordpress\/plugins\/seo\/ -->\n<title>Conclus\u00e3o Estudos e Forma\u00e7\u00e3o presente no Portugal Na\u00e7\u00e3o Global em Lisboa - Conclus\u00e3o - Estudos e Forma\u00e7\u00e3o<\/title>\n<meta name=\"robots\" content=\"index, follow, max-snippet:-1, max-image-preview:large, max-video-preview:-1\" \/>\n<link rel=\"canonical\" href=\"https:\/\/conclusao.pt\/portal\/2026\/04\/30\/conclusao-estudos-e-formacao-presente-no-portugal-nacao-global-em-lisboa\/\" \/>\n<meta property=\"og:locale\" content=\"pt_PT\" \/>\n<meta property=\"og:type\" content=\"article\" \/>\n<meta property=\"og:title\" content=\"Conclus\u00e3o Estudos e Forma\u00e7\u00e3o presente no Portugal Na\u00e7\u00e3o Global em Lisboa - Conclus\u00e3o - Estudos e Forma\u00e7\u00e3o\" \/>\n<meta property=\"og:description\" content=\"Participa\u00e7\u00e3o refor\u00e7a aposta na internacionaliza\u00e7\u00e3o, qualifica\u00e7\u00e3o e inova\u00e7\u00e3o na forma\u00e7\u00e3o profissional A Conclus\u00e3o Estudos e Forma\u00e7\u00e3o marcou presen\u00e7a no Portugal Na\u00e7\u00e3o Global, um evento de refer\u00eancia que re\u00fane empresas, institui\u00e7\u00f5es e especialistas com o objetivo de promover a internacionaliza\u00e7\u00e3o das empresas portuguesas, a inova\u00e7\u00e3o e a valoriza\u00e7\u00e3o do talento nacional. A participa\u00e7\u00e3o da Conclus\u00e3o neste &hellip; Conclus\u00e3o Estudos e Forma\u00e7\u00e3o presente no Portugal Na\u00e7\u00e3o Global em Lisboa Read More &raquo;\" \/>\n<meta property=\"og:url\" content=\"https:\/\/conclusao.pt\/portal\/2026\/04\/30\/conclusao-estudos-e-formacao-presente-no-portugal-nacao-global-em-lisboa\/\" \/>\n<meta property=\"og:site_name\" content=\"Conclus\u00e3o - Estudos e Forma\u00e7\u00e3o\" \/>\n<meta property=\"article:publisher\" content=\"https:\/\/www.facebook.com\/conclusaoformacao\/\" \/>\n<meta property=\"article:published_time\" content=\"2026-04-30T11:20:29+00:00\" \/>\n<meta property=\"article:modified_time\" content=\"2026-04-30T11:20:33+00:00\" \/>\n<meta property=\"og:image\" content=\"https:\/\/conclusao.pt\/portal\/wp-content\/uploads\/2026\/04\/secretariodeestado.jpeg\" \/>\n\t<meta property=\"og:image:width\" content=\"1536\" \/>\n\t<meta property=\"og:image:height\" content=\"2048\" \/>\n\t<meta property=\"og:image:type\" content=\"image\/jpeg\" \/>\n<meta name=\"author\" content=\"Hugo Neiva\" \/>\n<meta name=\"twitter:card\" content=\"summary_large_image\" \/>\n<meta name=\"twitter:label1\" content=\"Escrito por\" \/>\n\t<meta name=\"twitter:data1\" content=\"Hugo Neiva\" \/>\n\t<meta name=\"twitter:label2\" content=\"Tempo estimado de leitura\" \/>\n\t<meta name=\"twitter:data2\" content=\"2 minutos\" \/>\n<script type=\"application\/ld+json\" class=\"yoast-schema-graph\">{\"@context\":\"https:\/\/schema.org\",\"@graph\":[{\"@type\":\"Article\",\"@id\":\"https:\/\/conclusao.pt\/portal\/2026\/04\/30\/conclusao-estudos-e-formacao-presente-no-portugal-nacao-global-em-lisboa\/#article\",\"isPartOf\":{\"@id\":\"https:\/\/conclusao.pt\/portal\/2026\/04\/30\/conclusao-estudos-e-formacao-presente-no-portugal-nacao-global-em-lisboa\/\"},\"author\":{\"name\":\"Hugo Neiva\",\"@id\":\"https:\/\/conclusao.pt\/portal\/#\/schema\/person\/301199b0ce99141cb8ca744e4222b2c1\"},\"headline\":\"Conclus\u00e3o Estudos e Forma\u00e7\u00e3o presente no Portugal Na\u00e7\u00e3o Global em Lisboa\",\"datePublished\":\"2026-04-30T11:20:29+00:00\",\"dateModified\":\"2026-04-30T11:20:33+00:00\",\"mainEntityOfPage\":{\"@id\":\"https:\/\/conclusao.pt\/portal\/2026\/04\/30\/conclusao-estudos-e-formacao-presente-no-portugal-nacao-global-em-lisboa\/\"},\"wordCount\":358,\"commentCount\":0,\"publisher\":{\"@id\":\"https:\/\/conclusao.pt\/portal\/#organization\"},\"image\":{\"@id\":\"https:\/\/conclusao.pt\/portal\/2026\/04\/30\/conclusao-estudos-e-formacao-presente-no-portugal-nacao-global-em-lisboa\/#primaryimage\"},\"thumbnailUrl\":\"https:\/\/conclusao.pt\/portal\/wp-content\/uploads\/2026\/04\/secretariodeestado.jpeg\",\"articleSection\":[\"Not\u00edcias\"],\"inLanguage\":\"pt-PT\",\"potentialAction\":[{\"@type\":\"CommentAction\",\"name\":\"Comment\",\"target\":[\"https:\/\/conclusao.pt\/portal\/2026\/04\/30\/conclusao-estudos-e-formacao-presente-no-portugal-nacao-global-em-lisboa\/#respond\"]}]},{\"@type\":\"WebPage\",\"@id\":\"https:\/\/conclusao.pt\/portal\/2026\/04\/30\/conclusao-estudos-e-formacao-presente-no-portugal-nacao-global-em-lisboa\/\",\"url\":\"https:\/\/conclusao.pt\/portal\/2026\/04\/30\/conclusao-estudos-e-formacao-presente-no-portugal-nacao-global-em-lisboa\/\",\"name\":\"Conclus\u00e3o Estudos e Forma\u00e7\u00e3o presente no Portugal Na\u00e7\u00e3o Global em Lisboa - Conclus\u00e3o - Estudos e Forma\u00e7\u00e3o\",\"isPartOf\":{\"@id\":\"https:\/\/conclusao.pt\/portal\/#website\"},\"primaryImageOfPage\":{\"@id\":\"https:\/\/conclusao.pt\/portal\/2026\/04\/30\/conclusao-estudos-e-formacao-presente-no-portugal-nacao-global-em-lisboa\/#primaryimage\"},\"image\":{\"@id\":\"https:\/\/conclusao.pt\/portal\/2026\/04\/30\/conclusao-estudos-e-formacao-presente-no-portugal-nacao-global-em-lisboa\/#primaryimage\"},\"thumbnailUrl\":\"https:\/\/conclusao.pt\/portal\/wp-content\/uploads\/2026\/04\/secretariodeestado.jpeg\",\"datePublished\":\"2026-04-30T11:20:29+00:00\",\"dateModified\":\"2026-04-30T11:20:33+00:00\",\"breadcrumb\":{\"@id\":\"https:\/\/conclusao.pt\/portal\/2026\/04\/30\/conclusao-estudos-e-formacao-presente-no-portugal-nacao-global-em-lisboa\/#breadcrumb\"},\"inLanguage\":\"pt-PT\",\"potentialAction\":[{\"@type\":\"ReadAction\",\"target\":[\"https:\/\/conclusao.pt\/portal\/2026\/04\/30\/conclusao-estudos-e-formacao-presente-no-portugal-nacao-global-em-lisboa\/\"]}]},{\"@type\":\"ImageObject\",\"inLanguage\":\"pt-PT\",\"@id\":\"https:\/\/conclusao.pt\/portal\/2026\/04\/30\/conclusao-estudos-e-formacao-presente-no-portugal-nacao-global-em-lisboa\/#primaryimage\",\"url\":\"https:\/\/conclusao.pt\/portal\/wp-content\/uploads\/2026\/04\/secretariodeestado.jpeg\",\"contentUrl\":\"https:\/\/conclusao.pt\/portal\/wp-content\/uploads\/2026\/04\/secretariodeestado.jpeg\",\"width\":1536,\"height\":2048},{\"@type\":\"BreadcrumbList\",\"@id\":\"https:\/\/conclusao.pt\/portal\/2026\/04\/30\/conclusao-estudos-e-formacao-presente-no-portugal-nacao-global-em-lisboa\/#breadcrumb\",\"itemListElement\":[{\"@type\":\"ListItem\",\"position\":1,\"name\":\"In\u00edcio\",\"item\":\"https:\/\/conclusao.pt\/portal\/\"},{\"@type\":\"ListItem\",\"position\":2,\"name\":\"Conclus\u00e3o Estudos e Forma\u00e7\u00e3o presente no Portugal Na\u00e7\u00e3o Global em Lisboa\"}]},{\"@type\":\"WebSite\",\"@id\":\"https:\/\/conclusao.pt\/portal\/#website\",\"url\":\"https:\/\/conclusao.pt\/portal\/\",\"name\":\"Conclus\u00e3o - Estudos e Forma\u00e7\u00e3o\",\"description\":\"A Conclus\u00e3o \u2013 Estudos e Forma\u00e7\u00e3o, Lda \u00e9 uma empresa que iniciou a sua atividade em 1987, tendo ao longo dos anos especializado na promo\u00e7\u00e3o de cursos de forma\u00e7\u00e3o profissional, na elabora\u00e7\u00e3o estudos e projetos e no desenvolvimento de atividades de consultoria empresarial.\",\"publisher\":{\"@id\":\"https:\/\/conclusao.pt\/portal\/#organization\"},\"potentialAction\":[{\"@type\":\"SearchAction\",\"target\":{\"@type\":\"EntryPoint\",\"urlTemplate\":\"https:\/\/conclusao.pt\/portal\/?s={search_term_string}\"},\"query-input\":{\"@type\":\"PropertyValueSpecification\",\"valueRequired\":true,\"valueName\":\"search_term_string\"}}],\"inLanguage\":\"pt-PT\"},{\"@type\":\"Organization\",\"@id\":\"https:\/\/conclusao.pt\/portal\/#organization\",\"name\":\"Conclus\u00e3o - Estudos e Forma\u00e7\u00e3o\",\"url\":\"https:\/\/conclusao.pt\/portal\/\",\"logo\":{\"@type\":\"ImageObject\",\"inLanguage\":\"pt-PT\",\"@id\":\"https:\/\/conclusao.pt\/portal\/#\/schema\/logo\/image\/\",\"url\":\"https:\/\/conclusao.pt\/portal\/wp-content\/uploads\/2023\/09\/cropped-logotipo.png\",\"contentUrl\":\"https:\/\/conclusao.pt\/portal\/wp-content\/uploads\/2023\/09\/cropped-logotipo.png\",\"width\":200,\"height\":65,\"caption\":\"Conclus\u00e3o - Estudos e Forma\u00e7\u00e3o\"},\"image\":{\"@id\":\"https:\/\/conclusao.pt\/portal\/#\/schema\/logo\/image\/\"},\"sameAs\":[\"https:\/\/www.facebook.com\/conclusaoformacao\/\",\"https:\/\/www.instagram.com\/conclusaolda\/\",\"https:\/\/www.linkedin.com\/company\/conclusao\/\"]},{\"@type\":\"Person\",\"@id\":\"https:\/\/conclusao.pt\/portal\/#\/schema\/person\/301199b0ce99141cb8ca744e4222b2c1\",\"name\":\"Hugo Neiva\",\"image\":{\"@type\":\"ImageObject\",\"inLanguage\":\"pt-PT\",\"@id\":\"https:\/\/conclusao.pt\/portal\/#\/schema\/person\/image\/\",\"url\":\"https:\/\/secure.gravatar.com\/avatar\/9367476f0cb0fc91e9c911ae9634c30c6dd935a242e33579787466019472bb64?s=96&d=mm&r=g\",\"contentUrl\":\"https:\/\/secure.gravatar.com\/avatar\/9367476f0cb0fc91e9c911ae9634c30c6dd935a242e33579787466019472bb64?s=96&d=mm&r=g\",\"caption\":\"Hugo Neiva\"},\"url\":\"https:\/\/conclusao.pt\/portal\/author\/hugo-neiva\/\"}]}<\/script>\n<!-- \/ Yoast SEO plugin. -->","yoast_head_json":{"title":"Conclus\u00e3o Estudos e Forma\u00e7\u00e3o presente no Portugal Na\u00e7\u00e3o Global em Lisboa - Conclus\u00e3o - Estudos e Forma\u00e7\u00e3o","robots":{"index":"index","follow":"follow","max-snippet":"max-snippet:-1","max-image-preview":"max-image-preview:large","max-video-preview":"max-video-preview:-1"},"canonical":"https:\/\/conclusao.pt\/portal\/2026\/04\/30\/conclusao-estudos-e-formacao-presente-no-portugal-nacao-global-em-lisboa\/","og_locale":"pt_PT","og_type":"article","og_title":"Conclus\u00e3o Estudos e Forma\u00e7\u00e3o presente no Portugal Na\u00e7\u00e3o Global em Lisboa - Conclus\u00e3o - Estudos e Forma\u00e7\u00e3o","og_description":"Participa\u00e7\u00e3o refor\u00e7a aposta na internacionaliza\u00e7\u00e3o, qualifica\u00e7\u00e3o e inova\u00e7\u00e3o na forma\u00e7\u00e3o profissional A Conclus\u00e3o Estudos e Forma\u00e7\u00e3o marcou presen\u00e7a no Portugal Na\u00e7\u00e3o Global, um evento de refer\u00eancia que re\u00fane empresas, institui\u00e7\u00f5es e especialistas com o objetivo de promover a internacionaliza\u00e7\u00e3o das empresas portuguesas, a inova\u00e7\u00e3o e a valoriza\u00e7\u00e3o do talento nacional. A participa\u00e7\u00e3o da Conclus\u00e3o neste &hellip; Conclus\u00e3o Estudos e Forma\u00e7\u00e3o presente no Portugal Na\u00e7\u00e3o Global em Lisboa Read More &raquo;","og_url":"https:\/\/conclusao.pt\/portal\/2026\/04\/30\/conclusao-estudos-e-formacao-presente-no-portugal-nacao-global-em-lisboa\/","og_site_name":"Conclus\u00e3o - Estudos e Forma\u00e7\u00e3o","article_publisher":"https:\/\/www.facebook.com\/conclusaoformacao\/","article_published_time":"2026-04-30T11:20:29+00:00","article_modified_time":"2026-04-30T11:20:33+00:00","og_image":[{"width":1536,"height":2048,"url":"https:\/\/conclusao.pt\/portal\/wp-content\/uploads\/2026\/04\/secretariodeestado.jpeg","type":"image\/jpeg"}],"author":"Hugo Neiva","twitter_card":"summary_large_image","twitter_misc":{"Escrito por":"Hugo Neiva","Tempo estimado de leitura":"2 minutos"},"schema":{"@context":"https:\/\/schema.org","@graph":[{"@type":"Article","@id":"https:\/\/conclusao.pt\/portal\/2026\/04\/30\/conclusao-estudos-e-formacao-presente-no-portugal-nacao-global-em-lisboa\/#article","isPartOf":{"@id":"https:\/\/conclusao.pt\/portal\/2026\/04\/30\/conclusao-estudos-e-formacao-presente-no-portugal-nacao-global-em-lisboa\/"},"author":{"name":"Hugo Neiva","@id":"https:\/\/conclusao.pt\/portal\/#\/schema\/person\/301199b0ce99141cb8ca744e4222b2c1"},"headline":"Conclus\u00e3o Estudos e Forma\u00e7\u00e3o presente no Portugal Na\u00e7\u00e3o Global em Lisboa","datePublished":"2026-04-30T11:20:29+00:00","dateModified":"2026-04-30T11:20:33+00:00","mainEntityOfPage":{"@id":"https:\/\/conclusao.pt\/portal\/2026\/04\/30\/conclusao-estudos-e-formacao-presente-no-portugal-nacao-global-em-lisboa\/"},"wordCount":358,"commentCount":0,"publisher":{"@id":"https:\/\/conclusao.pt\/portal\/#organization"},"image":{"@id":"https:\/\/conclusao.pt\/portal\/2026\/04\/30\/conclusao-estudos-e-formacao-presente-no-portugal-nacao-global-em-lisboa\/#primaryimage"},"thumbnailUrl":"https:\/\/conclusao.pt\/portal\/wp-content\/uploads\/2026\/04\/secretariodeestado.jpeg","articleSection":["Not\u00edcias"],"inLanguage":"pt-PT","potentialAction":[{"@type":"CommentAction","name":"Comment","target":["https:\/\/conclusao.pt\/portal\/2026\/04\/30\/conclusao-estudos-e-formacao-presente-no-portugal-nacao-global-em-lisboa\/#respond"]}]},{"@type":"WebPage","@id":"https:\/\/conclusao.pt\/portal\/2026\/04\/30\/conclusao-estudos-e-formacao-presente-no-portugal-nacao-global-em-lisboa\/","url":"https:\/\/conclusao.pt\/portal\/2026\/04\/30\/conclusao-estudos-e-formacao-presente-no-portugal-nacao-global-em-lisboa\/","name":"Conclus\u00e3o Estudos e Forma\u00e7\u00e3o presente no Portugal Na\u00e7\u00e3o Global em Lisboa - Conclus\u00e3o - Estudos e Forma\u00e7\u00e3o","isPartOf":{"@id":"https:\/\/conclusao.pt\/portal\/#website"},"primaryImageOfPage":{"@id":"https:\/\/conclusao.pt\/portal\/2026\/04\/30\/conclusao-estudos-e-formacao-presente-no-portugal-nacao-global-em-lisboa\/#primaryimage"},"image":{"@id":"https:\/\/conclusao.pt\/portal\/2026\/04\/30\/conclusao-estudos-e-formacao-presente-no-portugal-nacao-global-em-lisboa\/#primaryimage"},"thumbnailUrl":"https:\/\/conclusao.pt\/portal\/wp-content\/uploads\/2026\/04\/secretariodeestado.jpeg","datePublished":"2026-04-30T11:20:29+00:00","dateModified":"2026-04-30T11:20:33+00:00","breadcrumb":{"@id":"https:\/\/conclusao.pt\/portal\/2026\/04\/30\/conclusao-estudos-e-formacao-presente-no-portugal-nacao-global-em-lisboa\/#breadcrumb"},"inLanguage":"pt-PT","potentialAction":[{"@type":"ReadAction","target":["https:\/\/conclusao.pt\/portal\/2026\/04\/30\/conclusao-estudos-e-formacao-presente-no-portugal-nacao-global-em-lisboa\/"]}]},{"@type":"ImageObject","inLanguage":"pt-PT","@id":"https:\/\/conclusao.pt\/portal\/2026\/04\/30\/conclusao-estudos-e-formacao-presente-no-portugal-nacao-global-em-lisboa\/#primaryimage","url":"https:\/\/conclusao.pt\/portal\/wp-content\/uploads\/2026\/04\/secretariodeestado.jpeg","contentUrl":"https:\/\/conclusao.pt\/portal\/wp-content\/uploads\/2026\/04\/secretariodeestado.jpeg","width":1536,"height":2048},{"@type":"BreadcrumbList","@id":"https:\/\/conclusao.pt\/portal\/2026\/04\/30\/conclusao-estudos-e-formacao-presente-no-portugal-nacao-global-em-lisboa\/#breadcrumb","itemListElement":[{"@type":"ListItem","position":1,"name":"In\u00edcio","item":"https:\/\/conclusao.pt\/portal\/"},{"@type":"ListItem","position":2,"name":"Conclus\u00e3o Estudos e Forma\u00e7\u00e3o presente no Portugal Na\u00e7\u00e3o Global em Lisboa"}]},{"@type":"WebSite","@id":"https:\/\/conclusao.pt\/portal\/#website","url":"https:\/\/conclusao.pt\/portal\/","name":"Conclus\u00e3o - Estudos e Forma\u00e7\u00e3o","description":"A Conclus\u00e3o \u2013 Estudos e Forma\u00e7\u00e3o, Lda \u00e9 uma empresa que iniciou a sua atividade em 1987, tendo ao longo dos anos especializado na promo\u00e7\u00e3o de cursos de forma\u00e7\u00e3o profissional, na elabora\u00e7\u00e3o estudos e projetos e no desenvolvimento de atividades de consultoria empresarial.","publisher":{"@id":"https:\/\/conclusao.pt\/portal\/#organization"},"potentialAction":[{"@type":"SearchAction","target":{"@type":"EntryPoint","urlTemplate":"https:\/\/conclusao.pt\/portal\/?s={search_term_string}"},"query-input":{"@type":"PropertyValueSpecification","valueRequired":true,"valueName":"search_term_string"}}],"inLanguage":"pt-PT"},{"@type":"Organization","@id":"https:\/\/conclusao.pt\/portal\/#organization","name":"Conclus\u00e3o - Estudos e Forma\u00e7\u00e3o","url":"https:\/\/conclusao.pt\/portal\/","logo":{"@type":"ImageObject","inLanguage":"pt-PT","@id":"https:\/\/conclusao.pt\/portal\/#\/schema\/logo\/image\/","url":"https:\/\/conclusao.pt\/portal\/wp-content\/uploads\/2023\/09\/cropped-logotipo.png","contentUrl":"https:\/\/conclusao.pt\/portal\/wp-content\/uploads\/2023\/09\/cropped-logotipo.png","width":200,"height":65,"caption":"Conclus\u00e3o - Estudos e Forma\u00e7\u00e3o"},"image":{"@id":"https:\/\/conclusao.pt\/portal\/#\/schema\/logo\/image\/"},"sameAs":["https:\/\/www.facebook.com\/conclusaoformacao\/","https:\/\/www.instagram.com\/conclusaolda\/","https:\/\/www.linkedin.com\/company\/conclusao\/"]},{"@type":"Person","@id":"https:\/\/conclusao.pt\/portal\/#\/schema\/person\/301199b0ce99141cb8ca744e4222b2c1","name":"Hugo Neiva","image":{"@type":"ImageObject","inLanguage":"pt-PT","@id":"https:\/\/conclusao.pt\/portal\/#\/schema\/person\/image\/","url":"https:\/\/secure.gravatar.com\/avatar\/9367476f0cb0fc91e9c911ae9634c30c6dd935a242e33579787466019472bb64?s=96&d=mm&r=g","contentUrl":"https:\/\/secure.gravatar.com\/avatar\/9367476f0cb0fc91e9c911ae9634c30c6dd935a242e33579787466019472bb64?s=96&d=mm&r=g","caption":"Hugo Neiva"},"url":"https:\/\/conclusao.pt\/portal\/author\/hugo-neiva\/"}]}},"uagb_featured_image_src":{"full":["https:\/\/conclusao.pt\/portal\/wp-content\/uploads\/2026\/04\/secretariodeestado.jpeg",1536,2048,false],"thumbnail":["https:\/\/conclusao.pt\/portal\/wp-content\/uploads\/2026\/04\/secretariodeestado-150x150.jpeg",150,150,true],"medium":["https:\/\/conclusao.pt\/portal\/wp-content\/uploads\/2026\/04\/secretariodeestado-225x300.jpeg",225,300,true],"medium_large":["https:\/\/conclusao.pt\/portal\/wp-content\/uploads\/2026\/04\/secretariodeestado-768x1024.jpeg",768,1024,true],"large":["https:\/\/conclusao.pt\/portal\/wp-content\/uploads\/2026\/04\/secretariodeestado-768x1024.jpeg",768,1024,true],"1536x1536":["https:\/\/conclusao.pt\/portal\/wp-content\/uploads\/2026\/04\/secretariodeestado-1152x1536.jpeg",1152,1536,true],"2048x2048":["https:\/\/conclusao.pt\/portal\/wp-content\/uploads\/2026\/04\/secretariodeestado.jpeg",1536,2048,false],"woocommerce_thumbnail":["https:\/\/conclusao.pt\/portal\/wp-content\/uploads\/2026\/04\/secretariodeestado-300x300.jpeg",300,300,true],"woocommerce_single":["https:\/\/conclusao.pt\/portal\/wp-content\/uploads\/2026\/04\/secretariodeestado-600x800.jpeg",600,800,true],"woocommerce_gallery_thumbnail":["https:\/\/conclusao.pt\/portal\/wp-content\/uploads\/2026\/04\/secretariodeestado-100x100.jpeg",100,100,true]},"uagb_author_info":{"display_name":"Hugo Neiva","author_link":"https:\/\/conclusao.pt\/portal\/author\/hugo-neiva\/"},"uagb_comment_info":0,"uagb_excerpt":"Participa\u00e7\u00e3o refor\u00e7a aposta na internacionaliza\u00e7\u00e3o, qualifica\u00e7\u00e3o e inova\u00e7\u00e3o na forma\u00e7\u00e3o profissional A Conclus\u00e3o Estudos e Forma\u00e7\u00e3o marcou presen\u00e7a no Portugal Na\u00e7\u00e3o Global, um evento de refer\u00eancia que re\u00fane empresas, institui\u00e7\u00f5es e especialistas com o objetivo de promover a internacionaliza\u00e7\u00e3o das empresas portuguesas, a inova\u00e7\u00e3o e a valoriza\u00e7\u00e3o do talento nacional. A participa\u00e7\u00e3o da Conclus\u00e3o neste&hellip;","_links":{"self":[{"href":"https:\/\/conclusao.pt\/portal\/wp-json\/wp\/v2\/posts\/51992","targetHints":{"allow":["GET"]}}],"collection":[{"href":"https:\/\/conclusao.pt\/portal\/wp-json\/wp\/v2\/posts"}],"about":[{"href":"https:\/\/conclusao.pt\/portal\/wp-json\/wp\/v2\/types\/post"}],"author":[{"embeddable":true,"href":"https:\/\/conclusao.pt\/portal\/wp-json\/wp\/v2\/users\/7"}],"replies":[{"embeddable":true,"href":"https:\/\/conclusao.pt\/portal\/wp-json\/wp\/v2\/comments?post=51992"}],"version-history":[{"count":1,"href":"https:\/\/conclusao.pt\/portal\/wp-json\/wp\/v2\/posts\/51992\/revisions"}],"predecessor-version":[{"id":51994,"href":"https:\/\/conclusao.pt\/portal\/wp-json\/wp\/v2\/posts\/51992\/revisions\/51994"}],"wp:featuredmedia":[{"embeddable":true,"href":"https:\/\/conclusao.pt\/portal\/wp-json\/wp\/v2\/media\/51993"}],"wp:attachment":[{"href":"https:\/\/conclusao.pt\/portal\/wp-json\/wp\/v2\/media?parent=51992"}],"wp:term":[{"taxonomy":"category","embeddable":true,"href":"https:\/\/conclusao.pt\/portal\/wp-json\/wp\/v2\/categories?post=51992"},{"taxonomy":"post_tag","embeddable":true,"href":"https:\/\/conclusao.pt\/portal\/wp-json\/wp\/v2\/tags?post=51992"}],"curies":[{"name":"wp","href":"https:\/\/api.w.org\/{rel}","templated":true}]}}