{"id":49292,"date":"2025-05-07T14:26:09","date_gmt":"2025-05-07T14:26:09","guid":{"rendered":"https:\/\/conclusao.pt\/portal\/?p=49292"},"modified":"2025-05-07T14:28:29","modified_gmt":"2025-05-07T14:28:29","slug":"conclusao-renova-acreditacao-do-inem-para-formacao-em-suporte-basico-de-vida-e-desfibrilhacao-automatica-externa-sbvdae","status":"publish","type":"post","link":"https:\/\/conclusao.pt\/portal\/2025\/05\/07\/conclusao-renova-acreditacao-do-inem-para-formacao-em-suporte-basico-de-vida-e-desfibrilhacao-automatica-externa-sbvdae\/","title":{"rendered":"Conclus\u00e3o renova acredita\u00e7\u00e3o do INEM para forma\u00e7\u00e3o em Suporte B\u00e1sico de Vida e Desfibrilha\u00e7\u00e3o Autom\u00e1tica Externa (SBVDAE)"},"content":{"rendered":"\n<p>\u00c9 com grande satisfa\u00e7\u00e3o que a <strong>Conclus\u00e3o \u2013 Estudos e Forma\u00e7\u00e3o, Lda.<\/strong> anuncia que foi oficialmente renovada a <strong>acredita\u00e7\u00e3o pelo Instituto Nacional de Emerg\u00eancia M\u00e9dica (INEM)<\/strong> para ministrar forma\u00e7\u00e3o na \u00e1rea de <strong>Suporte B\u00e1sico de Vida e Desfibrilha\u00e7\u00e3o Autom\u00e1tica Externa (SBVDAE)<\/strong>.<\/p>\n\n\n\n<p>A decis\u00e3o positiva foi comunicada pelo INEM, atrav\u00e9s do seu Gabinete de Acredita\u00e7\u00e3o de Entidades Formadoras. Esta acredita\u00e7\u00e3o reconhece a qualidade e o rigor da nossa entidade no desenvolvimento de forma\u00e7\u00e3o t\u00e9cnica essencial para a capacita\u00e7\u00e3o de cidad\u00e3os e profissionais em procedimentos de emerg\u00eancia m\u00e9dica.<\/p>\n\n\n\n<h3 class=\"wp-block-heading\">Cursos acreditados<\/h3>\n\n\n\n<p>A Conclus\u00e3o encontra-se acreditada para ministrar os seguintes cursos no \u00e2mbito do SBVDAE:<\/p>\n\n\n\n<ul class=\"wp-block-list\">\n<li><strong>Curso de Suporte B\u00e1sico de Vida e DAE (SBVDAE)<\/strong> \u2013 Forma\u00e7\u00e3o inicial com componente te\u00f3rico-pr\u00e1tica.<\/li>\n<\/ul>\n\n\n\n<p>Este curso \u00e9 lecionados por formadores certificados e seguem os referenciais e requisitos t\u00e9cnicos estabelecidos pelo INEM.<\/p>\n\n\n\n<h3 class=\"wp-block-heading\">Destinat\u00e1rios<\/h3>\n\n\n\n<p>Este curso destinam-se a:<\/p>\n\n\n\n<ul class=\"wp-block-list\">\n<li>Profissionais de sa\u00fade e socorro (enfermeiros, t\u00e9cnicos de emerg\u00eancia, bombeiros, etc.);<\/li>\n\n\n\n<li>Colaboradores de empresas e institui\u00e7\u00f5es que pretendam capacitar equipas de primeiros socorros;<\/li>\n\n\n\n<li>Docentes e funcion\u00e1rios escolares;<\/li>\n\n\n\n<li>Agentes de seguran\u00e7a, t\u00e9cnicos de desporto e educadores;<\/li>\n\n\n\n<li>Qualquer cidad\u00e3o que deseje adquirir compet\u00eancias para atuar em situa\u00e7\u00f5es de emerg\u00eancia.<\/li>\n<\/ul>\n\n\n\n<p>A partir desta data, os nossos cursos de SBVDAE ser\u00e3o realizados com a garantia de qualidade e conformidade exigidas pelo INEM, utilizando o respetivo <strong>logotipo de entidade acreditada<\/strong> e o <strong>n\u00famero de certificado atribu\u00eddo<\/strong>.<\/p>\n\n\n\n<p>Esta certifica\u00e7\u00e3o representa mais um passo no nosso compromisso cont\u00ednuo com a excel\u00eancia na forma\u00e7\u00e3o e na promo\u00e7\u00e3o da seguran\u00e7a e bem-estar da comunidade.<\/p>\n","protected":false},"excerpt":{"rendered":"<p>\u00c9 com grande satisfa\u00e7\u00e3o que a Conclus\u00e3o \u2013 Estudos e Forma\u00e7\u00e3o, Lda. anuncia que foi oficialmente renovada a acredita\u00e7\u00e3o pelo Instituto Nacional de Emerg\u00eancia M\u00e9dica (INEM) para ministrar forma\u00e7\u00e3o na \u00e1rea de Suporte B\u00e1sico de Vida e Desfibrilha\u00e7\u00e3o Autom\u00e1tica Externa (SBVDAE). A decis\u00e3o positiva foi comunicada pelo INEM, atrav\u00e9s do seu Gabinete de Acredita\u00e7\u00e3o de &hellip;<\/p>\n<p class=\"read-more\"> <a class=\"\" href=\"https:\/\/conclusao.pt\/portal\/2025\/05\/07\/conclusao-renova-acreditacao-do-inem-para-formacao-em-suporte-basico-de-vida-e-desfibrilhacao-automatica-externa-sbvdae\/\"> <span class=\"screen-reader-text\">Conclus\u00e3o renova acredita\u00e7\u00e3o do INEM para forma\u00e7\u00e3o em Suporte B\u00e1sico de Vida e Desfibrilha\u00e7\u00e3o Autom\u00e1tica Externa (SBVDAE)<\/span> Read More &raquo;<\/a><\/p>\n","protected":false},"author":7,"featured_media":49293,"comment_status":"closed","ping_status":"closed","sticky":false,"template":"","format":"standard","meta":{"om_disable_all_campaigns":false,"_uag_custom_page_level_css":"","sfsi_plus_gutenberg_text_before_share":"","sfsi_plus_gutenberg_show_text_before_share":"","sfsi_plus_gutenberg_icon_type":"","sfsi_plus_gutenberg_icon_alignemt":"","sfsi_plus_gutenburg_max_per_row":"","site-sidebar-layout":"default","site-content-layout":"default","ast-global-header-display":"","ast-banner-title-visibility":"","ast-main-header-display":"","ast-hfb-above-header-display":"","ast-hfb-below-header-display":"","ast-hfb-mobile-header-display":"","site-post-title":"","ast-breadcrumbs-content":"","ast-featured-img":"","footer-sml-layout":"","theme-transparent-header-meta":"","adv-header-id-meta":"","stick-header-meta":"","header-above-stick-meta":"","header-main-stick-meta":"","header-below-stick-meta":"","_joinchat":[],"footnotes":""},"categories":[278,277,329],"tags":[],"class_list":["post-49292","post","type-post","status-publish","format-standard","has-post-thumbnail","hentry","category-destaques","category-geral","category-noticias"],"yoast_head":"<!-- This site is optimized with the Yoast SEO plugin v26.5 - https:\/\/yoast.com\/wordpress\/plugins\/seo\/ -->\n<title>Conclus\u00e3o renova acredita\u00e7\u00e3o do INEM para forma\u00e7\u00e3o em Suporte B\u00e1sico de Vida e Desfibrilha\u00e7\u00e3o Autom\u00e1tica Externa (SBVDAE) - Conclus\u00e3o - Estudos e Forma\u00e7\u00e3o<\/title>\n<meta name=\"robots\" content=\"index, follow, max-snippet:-1, max-image-preview:large, max-video-preview:-1\" \/>\n<link rel=\"canonical\" href=\"https:\/\/conclusao.pt\/portal\/2025\/05\/07\/conclusao-renova-acreditacao-do-inem-para-formacao-em-suporte-basico-de-vida-e-desfibrilhacao-automatica-externa-sbvdae\/\" \/>\n<meta property=\"og:locale\" content=\"pt_PT\" \/>\n<meta property=\"og:type\" content=\"article\" \/>\n<meta property=\"og:title\" content=\"Conclus\u00e3o renova acredita\u00e7\u00e3o do INEM para forma\u00e7\u00e3o em Suporte B\u00e1sico de Vida e Desfibrilha\u00e7\u00e3o Autom\u00e1tica Externa (SBVDAE) - Conclus\u00e3o - Estudos e Forma\u00e7\u00e3o\" \/>\n<meta property=\"og:description\" content=\"\u00c9 com grande satisfa\u00e7\u00e3o que a Conclus\u00e3o \u2013 Estudos e Forma\u00e7\u00e3o, Lda. anuncia que foi oficialmente renovada a acredita\u00e7\u00e3o pelo Instituto Nacional de Emerg\u00eancia M\u00e9dica (INEM) para ministrar forma\u00e7\u00e3o na \u00e1rea de Suporte B\u00e1sico de Vida e Desfibrilha\u00e7\u00e3o Autom\u00e1tica Externa (SBVDAE). A decis\u00e3o positiva foi comunicada pelo INEM, atrav\u00e9s do seu Gabinete de Acredita\u00e7\u00e3o de &hellip; Conclus\u00e3o renova acredita\u00e7\u00e3o do INEM para forma\u00e7\u00e3o em Suporte B\u00e1sico de Vida e Desfibrilha\u00e7\u00e3o Autom\u00e1tica Externa (SBVDAE) Read More &raquo;\" \/>\n<meta property=\"og:url\" content=\"https:\/\/conclusao.pt\/portal\/2025\/05\/07\/conclusao-renova-acreditacao-do-inem-para-formacao-em-suporte-basico-de-vida-e-desfibrilhacao-automatica-externa-sbvdae\/\" \/>\n<meta property=\"og:site_name\" content=\"Conclus\u00e3o - Estudos e Forma\u00e7\u00e3o\" \/>\n<meta property=\"article:publisher\" content=\"https:\/\/www.facebook.com\/conclusaoformacao\/\" \/>\n<meta property=\"article:published_time\" content=\"2025-05-07T14:26:09+00:00\" \/>\n<meta property=\"article:modified_time\" content=\"2025-05-07T14:28:29+00:00\" \/>\n<meta property=\"og:image\" content=\"https:\/\/conclusao.pt\/portal\/wp-content\/uploads\/2025\/05\/Conclusao-Estudos-e-Formacao_SBVDAE_assinado-rotated.jpg\" \/>\n\t<meta property=\"og:image:width\" content=\"1755\" \/>\n\t<meta property=\"og:image:height\" content=\"1242\" \/>\n\t<meta property=\"og:image:type\" content=\"image\/jpeg\" \/>\n<meta name=\"author\" content=\"Hugo Neiva\" \/>\n<meta name=\"twitter:card\" content=\"summary_large_image\" \/>\n<meta name=\"twitter:label1\" content=\"Escrito por\" \/>\n\t<meta name=\"twitter:data1\" content=\"Hugo Neiva\" \/>\n\t<meta name=\"twitter:label2\" content=\"Tempo estimado de leitura\" \/>\n\t<meta name=\"twitter:data2\" content=\"2 minutos\" \/>\n<script type=\"application\/ld+json\" class=\"yoast-schema-graph\">{\"@context\":\"https:\/\/schema.org\",\"@graph\":[{\"@type\":\"Article\",\"@id\":\"https:\/\/conclusao.pt\/portal\/2025\/05\/07\/conclusao-renova-acreditacao-do-inem-para-formacao-em-suporte-basico-de-vida-e-desfibrilhacao-automatica-externa-sbvdae\/#article\",\"isPartOf\":{\"@id\":\"https:\/\/conclusao.pt\/portal\/2025\/05\/07\/conclusao-renova-acreditacao-do-inem-para-formacao-em-suporte-basico-de-vida-e-desfibrilhacao-automatica-externa-sbvdae\/\"},\"author\":{\"name\":\"Hugo Neiva\",\"@id\":\"https:\/\/conclusao.pt\/portal\/#\/schema\/person\/301199b0ce99141cb8ca744e4222b2c1\"},\"headline\":\"Conclus\u00e3o renova acredita\u00e7\u00e3o do INEM para forma\u00e7\u00e3o em Suporte B\u00e1sico de Vida e Desfibrilha\u00e7\u00e3o Autom\u00e1tica Externa (SBVDAE)\",\"datePublished\":\"2025-05-07T14:26:09+00:00\",\"dateModified\":\"2025-05-07T14:28:29+00:00\",\"mainEntityOfPage\":{\"@id\":\"https:\/\/conclusao.pt\/portal\/2025\/05\/07\/conclusao-renova-acreditacao-do-inem-para-formacao-em-suporte-basico-de-vida-e-desfibrilhacao-automatica-externa-sbvdae\/\"},\"wordCount\":309,\"publisher\":{\"@id\":\"https:\/\/conclusao.pt\/portal\/#organization\"},\"image\":{\"@id\":\"https:\/\/conclusao.pt\/portal\/2025\/05\/07\/conclusao-renova-acreditacao-do-inem-para-formacao-em-suporte-basico-de-vida-e-desfibrilhacao-automatica-externa-sbvdae\/#primaryimage\"},\"thumbnailUrl\":\"https:\/\/conclusao.pt\/portal\/wp-content\/uploads\/2025\/05\/Conclusao-Estudos-e-Formacao_SBVDAE_assinado-rotated.jpg\",\"articleSection\":[\"Destaques\",\"Geral\",\"Not\u00edcias\"],\"inLanguage\":\"pt-PT\"},{\"@type\":\"WebPage\",\"@id\":\"https:\/\/conclusao.pt\/portal\/2025\/05\/07\/conclusao-renova-acreditacao-do-inem-para-formacao-em-suporte-basico-de-vida-e-desfibrilhacao-automatica-externa-sbvdae\/\",\"url\":\"https:\/\/conclusao.pt\/portal\/2025\/05\/07\/conclusao-renova-acreditacao-do-inem-para-formacao-em-suporte-basico-de-vida-e-desfibrilhacao-automatica-externa-sbvdae\/\",\"name\":\"Conclus\u00e3o renova acredita\u00e7\u00e3o do INEM para forma\u00e7\u00e3o em Suporte B\u00e1sico de Vida e Desfibrilha\u00e7\u00e3o Autom\u00e1tica Externa (SBVDAE) - Conclus\u00e3o - Estudos e Forma\u00e7\u00e3o\",\"isPartOf\":{\"@id\":\"https:\/\/conclusao.pt\/portal\/#website\"},\"primaryImageOfPage\":{\"@id\":\"https:\/\/conclusao.pt\/portal\/2025\/05\/07\/conclusao-renova-acreditacao-do-inem-para-formacao-em-suporte-basico-de-vida-e-desfibrilhacao-automatica-externa-sbvdae\/#primaryimage\"},\"image\":{\"@id\":\"https:\/\/conclusao.pt\/portal\/2025\/05\/07\/conclusao-renova-acreditacao-do-inem-para-formacao-em-suporte-basico-de-vida-e-desfibrilhacao-automatica-externa-sbvdae\/#primaryimage\"},\"thumbnailUrl\":\"https:\/\/conclusao.pt\/portal\/wp-content\/uploads\/2025\/05\/Conclusao-Estudos-e-Formacao_SBVDAE_assinado-rotated.jpg\",\"datePublished\":\"2025-05-07T14:26:09+00:00\",\"dateModified\":\"2025-05-07T14:28:29+00:00\",\"breadcrumb\":{\"@id\":\"https:\/\/conclusao.pt\/portal\/2025\/05\/07\/conclusao-renova-acreditacao-do-inem-para-formacao-em-suporte-basico-de-vida-e-desfibrilhacao-automatica-externa-sbvdae\/#breadcrumb\"},\"inLanguage\":\"pt-PT\",\"potentialAction\":[{\"@type\":\"ReadAction\",\"target\":[\"https:\/\/conclusao.pt\/portal\/2025\/05\/07\/conclusao-renova-acreditacao-do-inem-para-formacao-em-suporte-basico-de-vida-e-desfibrilhacao-automatica-externa-sbvdae\/\"]}]},{\"@type\":\"ImageObject\",\"inLanguage\":\"pt-PT\",\"@id\":\"https:\/\/conclusao.pt\/portal\/2025\/05\/07\/conclusao-renova-acreditacao-do-inem-para-formacao-em-suporte-basico-de-vida-e-desfibrilhacao-automatica-externa-sbvdae\/#primaryimage\",\"url\":\"https:\/\/conclusao.pt\/portal\/wp-content\/uploads\/2025\/05\/Conclusao-Estudos-e-Formacao_SBVDAE_assinado-rotated.jpg\",\"contentUrl\":\"https:\/\/conclusao.pt\/portal\/wp-content\/uploads\/2025\/05\/Conclusao-Estudos-e-Formacao_SBVDAE_assinado-rotated.jpg\",\"width\":1755,\"height\":1242},{\"@type\":\"BreadcrumbList\",\"@id\":\"https:\/\/conclusao.pt\/portal\/2025\/05\/07\/conclusao-renova-acreditacao-do-inem-para-formacao-em-suporte-basico-de-vida-e-desfibrilhacao-automatica-externa-sbvdae\/#breadcrumb\",\"itemListElement\":[{\"@type\":\"ListItem\",\"position\":1,\"name\":\"In\u00edcio\",\"item\":\"https:\/\/conclusao.pt\/portal\/\"},{\"@type\":\"ListItem\",\"position\":2,\"name\":\"Conclus\u00e3o renova acredita\u00e7\u00e3o do INEM para forma\u00e7\u00e3o em Suporte B\u00e1sico de Vida e Desfibrilha\u00e7\u00e3o Autom\u00e1tica Externa (SBVDAE)\"}]},{\"@type\":\"WebSite\",\"@id\":\"https:\/\/conclusao.pt\/portal\/#website\",\"url\":\"https:\/\/conclusao.pt\/portal\/\",\"name\":\"Conclus\u00e3o - Estudos e Forma\u00e7\u00e3o\",\"description\":\"A Conclus\u00e3o \u2013 Estudos e Forma\u00e7\u00e3o, Lda \u00e9 uma empresa que iniciou a sua atividade em 1987, tendo ao longo dos anos especializado na promo\u00e7\u00e3o de cursos de forma\u00e7\u00e3o profissional, na elabora\u00e7\u00e3o estudos e projetos e no desenvolvimento de atividades de consultoria empresarial.\",\"publisher\":{\"@id\":\"https:\/\/conclusao.pt\/portal\/#organization\"},\"potentialAction\":[{\"@type\":\"SearchAction\",\"target\":{\"@type\":\"EntryPoint\",\"urlTemplate\":\"https:\/\/conclusao.pt\/portal\/?s={search_term_string}\"},\"query-input\":{\"@type\":\"PropertyValueSpecification\",\"valueRequired\":true,\"valueName\":\"search_term_string\"}}],\"inLanguage\":\"pt-PT\"},{\"@type\":\"Organization\",\"@id\":\"https:\/\/conclusao.pt\/portal\/#organization\",\"name\":\"Conclus\u00e3o - Estudos e Forma\u00e7\u00e3o\",\"url\":\"https:\/\/conclusao.pt\/portal\/\",\"logo\":{\"@type\":\"ImageObject\",\"inLanguage\":\"pt-PT\",\"@id\":\"https:\/\/conclusao.pt\/portal\/#\/schema\/logo\/image\/\",\"url\":\"https:\/\/conclusao.pt\/portal\/wp-content\/uploads\/2023\/09\/cropped-logotipo.png\",\"contentUrl\":\"https:\/\/conclusao.pt\/portal\/wp-content\/uploads\/2023\/09\/cropped-logotipo.png\",\"width\":200,\"height\":65,\"caption\":\"Conclus\u00e3o - Estudos e Forma\u00e7\u00e3o\"},\"image\":{\"@id\":\"https:\/\/conclusao.pt\/portal\/#\/schema\/logo\/image\/\"},\"sameAs\":[\"https:\/\/www.facebook.com\/conclusaoformacao\/\",\"https:\/\/www.instagram.com\/conclusaolda\/\",\"https:\/\/www.linkedin.com\/company\/conclusao\/\"]},{\"@type\":\"Person\",\"@id\":\"https:\/\/conclusao.pt\/portal\/#\/schema\/person\/301199b0ce99141cb8ca744e4222b2c1\",\"name\":\"Hugo Neiva\",\"image\":{\"@type\":\"ImageObject\",\"inLanguage\":\"pt-PT\",\"@id\":\"https:\/\/conclusao.pt\/portal\/#\/schema\/person\/image\/\",\"url\":\"https:\/\/secure.gravatar.com\/avatar\/9367476f0cb0fc91e9c911ae9634c30c6dd935a242e33579787466019472bb64?s=96&d=mm&r=g\",\"contentUrl\":\"https:\/\/secure.gravatar.com\/avatar\/9367476f0cb0fc91e9c911ae9634c30c6dd935a242e33579787466019472bb64?s=96&d=mm&r=g\",\"caption\":\"Hugo Neiva\"},\"url\":\"https:\/\/conclusao.pt\/portal\/author\/hugo-neiva\/\"}]}<\/script>\n<!-- \/ Yoast SEO plugin. -->","yoast_head_json":{"title":"Conclus\u00e3o renova acredita\u00e7\u00e3o do INEM para forma\u00e7\u00e3o em Suporte B\u00e1sico de Vida e Desfibrilha\u00e7\u00e3o Autom\u00e1tica Externa (SBVDAE) - Conclus\u00e3o - Estudos e Forma\u00e7\u00e3o","robots":{"index":"index","follow":"follow","max-snippet":"max-snippet:-1","max-image-preview":"max-image-preview:large","max-video-preview":"max-video-preview:-1"},"canonical":"https:\/\/conclusao.pt\/portal\/2025\/05\/07\/conclusao-renova-acreditacao-do-inem-para-formacao-em-suporte-basico-de-vida-e-desfibrilhacao-automatica-externa-sbvdae\/","og_locale":"pt_PT","og_type":"article","og_title":"Conclus\u00e3o renova acredita\u00e7\u00e3o do INEM para forma\u00e7\u00e3o em Suporte B\u00e1sico de Vida e Desfibrilha\u00e7\u00e3o Autom\u00e1tica Externa (SBVDAE) - Conclus\u00e3o - Estudos e Forma\u00e7\u00e3o","og_description":"\u00c9 com grande satisfa\u00e7\u00e3o que a Conclus\u00e3o \u2013 Estudos e Forma\u00e7\u00e3o, Lda. anuncia que foi oficialmente renovada a acredita\u00e7\u00e3o pelo Instituto Nacional de Emerg\u00eancia M\u00e9dica (INEM) para ministrar forma\u00e7\u00e3o na \u00e1rea de Suporte B\u00e1sico de Vida e Desfibrilha\u00e7\u00e3o Autom\u00e1tica Externa (SBVDAE). A decis\u00e3o positiva foi comunicada pelo INEM, atrav\u00e9s do seu Gabinete de Acredita\u00e7\u00e3o de &hellip; Conclus\u00e3o renova acredita\u00e7\u00e3o do INEM para forma\u00e7\u00e3o em Suporte B\u00e1sico de Vida e Desfibrilha\u00e7\u00e3o Autom\u00e1tica Externa (SBVDAE) Read More &raquo;","og_url":"https:\/\/conclusao.pt\/portal\/2025\/05\/07\/conclusao-renova-acreditacao-do-inem-para-formacao-em-suporte-basico-de-vida-e-desfibrilhacao-automatica-externa-sbvdae\/","og_site_name":"Conclus\u00e3o - Estudos e Forma\u00e7\u00e3o","article_publisher":"https:\/\/www.facebook.com\/conclusaoformacao\/","article_published_time":"2025-05-07T14:26:09+00:00","article_modified_time":"2025-05-07T14:28:29+00:00","og_image":[{"width":1755,"height":1242,"url":"https:\/\/conclusao.pt\/portal\/wp-content\/uploads\/2025\/05\/Conclusao-Estudos-e-Formacao_SBVDAE_assinado-rotated.jpg","type":"image\/jpeg"}],"author":"Hugo Neiva","twitter_card":"summary_large_image","twitter_misc":{"Escrito por":"Hugo Neiva","Tempo estimado de leitura":"2 minutos"},"schema":{"@context":"https:\/\/schema.org","@graph":[{"@type":"Article","@id":"https:\/\/conclusao.pt\/portal\/2025\/05\/07\/conclusao-renova-acreditacao-do-inem-para-formacao-em-suporte-basico-de-vida-e-desfibrilhacao-automatica-externa-sbvdae\/#article","isPartOf":{"@id":"https:\/\/conclusao.pt\/portal\/2025\/05\/07\/conclusao-renova-acreditacao-do-inem-para-formacao-em-suporte-basico-de-vida-e-desfibrilhacao-automatica-externa-sbvdae\/"},"author":{"name":"Hugo Neiva","@id":"https:\/\/conclusao.pt\/portal\/#\/schema\/person\/301199b0ce99141cb8ca744e4222b2c1"},"headline":"Conclus\u00e3o renova acredita\u00e7\u00e3o do INEM para forma\u00e7\u00e3o em Suporte B\u00e1sico de Vida e Desfibrilha\u00e7\u00e3o Autom\u00e1tica Externa (SBVDAE)","datePublished":"2025-05-07T14:26:09+00:00","dateModified":"2025-05-07T14:28:29+00:00","mainEntityOfPage":{"@id":"https:\/\/conclusao.pt\/portal\/2025\/05\/07\/conclusao-renova-acreditacao-do-inem-para-formacao-em-suporte-basico-de-vida-e-desfibrilhacao-automatica-externa-sbvdae\/"},"wordCount":309,"publisher":{"@id":"https:\/\/conclusao.pt\/portal\/#organization"},"image":{"@id":"https:\/\/conclusao.pt\/portal\/2025\/05\/07\/conclusao-renova-acreditacao-do-inem-para-formacao-em-suporte-basico-de-vida-e-desfibrilhacao-automatica-externa-sbvdae\/#primaryimage"},"thumbnailUrl":"https:\/\/conclusao.pt\/portal\/wp-content\/uploads\/2025\/05\/Conclusao-Estudos-e-Formacao_SBVDAE_assinado-rotated.jpg","articleSection":["Destaques","Geral","Not\u00edcias"],"inLanguage":"pt-PT"},{"@type":"WebPage","@id":"https:\/\/conclusao.pt\/portal\/2025\/05\/07\/conclusao-renova-acreditacao-do-inem-para-formacao-em-suporte-basico-de-vida-e-desfibrilhacao-automatica-externa-sbvdae\/","url":"https:\/\/conclusao.pt\/portal\/2025\/05\/07\/conclusao-renova-acreditacao-do-inem-para-formacao-em-suporte-basico-de-vida-e-desfibrilhacao-automatica-externa-sbvdae\/","name":"Conclus\u00e3o renova acredita\u00e7\u00e3o do INEM para forma\u00e7\u00e3o em Suporte B\u00e1sico de Vida e Desfibrilha\u00e7\u00e3o Autom\u00e1tica Externa (SBVDAE) - Conclus\u00e3o - Estudos e Forma\u00e7\u00e3o","isPartOf":{"@id":"https:\/\/conclusao.pt\/portal\/#website"},"primaryImageOfPage":{"@id":"https:\/\/conclusao.pt\/portal\/2025\/05\/07\/conclusao-renova-acreditacao-do-inem-para-formacao-em-suporte-basico-de-vida-e-desfibrilhacao-automatica-externa-sbvdae\/#primaryimage"},"image":{"@id":"https:\/\/conclusao.pt\/portal\/2025\/05\/07\/conclusao-renova-acreditacao-do-inem-para-formacao-em-suporte-basico-de-vida-e-desfibrilhacao-automatica-externa-sbvdae\/#primaryimage"},"thumbnailUrl":"https:\/\/conclusao.pt\/portal\/wp-content\/uploads\/2025\/05\/Conclusao-Estudos-e-Formacao_SBVDAE_assinado-rotated.jpg","datePublished":"2025-05-07T14:26:09+00:00","dateModified":"2025-05-07T14:28:29+00:00","breadcrumb":{"@id":"https:\/\/conclusao.pt\/portal\/2025\/05\/07\/conclusao-renova-acreditacao-do-inem-para-formacao-em-suporte-basico-de-vida-e-desfibrilhacao-automatica-externa-sbvdae\/#breadcrumb"},"inLanguage":"pt-PT","potentialAction":[{"@type":"ReadAction","target":["https:\/\/conclusao.pt\/portal\/2025\/05\/07\/conclusao-renova-acreditacao-do-inem-para-formacao-em-suporte-basico-de-vida-e-desfibrilhacao-automatica-externa-sbvdae\/"]}]},{"@type":"ImageObject","inLanguage":"pt-PT","@id":"https:\/\/conclusao.pt\/portal\/2025\/05\/07\/conclusao-renova-acreditacao-do-inem-para-formacao-em-suporte-basico-de-vida-e-desfibrilhacao-automatica-externa-sbvdae\/#primaryimage","url":"https:\/\/conclusao.pt\/portal\/wp-content\/uploads\/2025\/05\/Conclusao-Estudos-e-Formacao_SBVDAE_assinado-rotated.jpg","contentUrl":"https:\/\/conclusao.pt\/portal\/wp-content\/uploads\/2025\/05\/Conclusao-Estudos-e-Formacao_SBVDAE_assinado-rotated.jpg","width":1755,"height":1242},{"@type":"BreadcrumbList","@id":"https:\/\/conclusao.pt\/portal\/2025\/05\/07\/conclusao-renova-acreditacao-do-inem-para-formacao-em-suporte-basico-de-vida-e-desfibrilhacao-automatica-externa-sbvdae\/#breadcrumb","itemListElement":[{"@type":"ListItem","position":1,"name":"In\u00edcio","item":"https:\/\/conclusao.pt\/portal\/"},{"@type":"ListItem","position":2,"name":"Conclus\u00e3o renova acredita\u00e7\u00e3o do INEM para forma\u00e7\u00e3o em Suporte B\u00e1sico de Vida e Desfibrilha\u00e7\u00e3o Autom\u00e1tica Externa (SBVDAE)"}]},{"@type":"WebSite","@id":"https:\/\/conclusao.pt\/portal\/#website","url":"https:\/\/conclusao.pt\/portal\/","name":"Conclus\u00e3o - Estudos e Forma\u00e7\u00e3o","description":"A Conclus\u00e3o \u2013 Estudos e Forma\u00e7\u00e3o, Lda \u00e9 uma empresa que iniciou a sua atividade em 1987, tendo ao longo dos anos especializado na promo\u00e7\u00e3o de cursos de forma\u00e7\u00e3o profissional, na elabora\u00e7\u00e3o estudos e projetos e no desenvolvimento de atividades de consultoria empresarial.","publisher":{"@id":"https:\/\/conclusao.pt\/portal\/#organization"},"potentialAction":[{"@type":"SearchAction","target":{"@type":"EntryPoint","urlTemplate":"https:\/\/conclusao.pt\/portal\/?s={search_term_string}"},"query-input":{"@type":"PropertyValueSpecification","valueRequired":true,"valueName":"search_term_string"}}],"inLanguage":"pt-PT"},{"@type":"Organization","@id":"https:\/\/conclusao.pt\/portal\/#organization","name":"Conclus\u00e3o - Estudos e Forma\u00e7\u00e3o","url":"https:\/\/conclusao.pt\/portal\/","logo":{"@type":"ImageObject","inLanguage":"pt-PT","@id":"https:\/\/conclusao.pt\/portal\/#\/schema\/logo\/image\/","url":"https:\/\/conclusao.pt\/portal\/wp-content\/uploads\/2023\/09\/cropped-logotipo.png","contentUrl":"https:\/\/conclusao.pt\/portal\/wp-content\/uploads\/2023\/09\/cropped-logotipo.png","width":200,"height":65,"caption":"Conclus\u00e3o - Estudos e Forma\u00e7\u00e3o"},"image":{"@id":"https:\/\/conclusao.pt\/portal\/#\/schema\/logo\/image\/"},"sameAs":["https:\/\/www.facebook.com\/conclusaoformacao\/","https:\/\/www.instagram.com\/conclusaolda\/","https:\/\/www.linkedin.com\/company\/conclusao\/"]},{"@type":"Person","@id":"https:\/\/conclusao.pt\/portal\/#\/schema\/person\/301199b0ce99141cb8ca744e4222b2c1","name":"Hugo Neiva","image":{"@type":"ImageObject","inLanguage":"pt-PT","@id":"https:\/\/conclusao.pt\/portal\/#\/schema\/person\/image\/","url":"https:\/\/secure.gravatar.com\/avatar\/9367476f0cb0fc91e9c911ae9634c30c6dd935a242e33579787466019472bb64?s=96&d=mm&r=g","contentUrl":"https:\/\/secure.gravatar.com\/avatar\/9367476f0cb0fc91e9c911ae9634c30c6dd935a242e33579787466019472bb64?s=96&d=mm&r=g","caption":"Hugo Neiva"},"url":"https:\/\/conclusao.pt\/portal\/author\/hugo-neiva\/"}]}},"uagb_featured_image_src":{"full":["https:\/\/conclusao.pt\/portal\/wp-content\/uploads\/2025\/05\/Conclusao-Estudos-e-Formacao_SBVDAE_assinado-rotated.jpg",1755,1242,false],"thumbnail":["https:\/\/conclusao.pt\/portal\/wp-content\/uploads\/2025\/05\/Conclusao-Estudos-e-Formacao_SBVDAE_assinado-150x150.jpg",150,150,true],"medium":["https:\/\/conclusao.pt\/portal\/wp-content\/uploads\/2025\/05\/Conclusao-Estudos-e-Formacao_SBVDAE_assinado-300x212.jpg",300,212,true],"medium_large":["https:\/\/conclusao.pt\/portal\/wp-content\/uploads\/2025\/05\/Conclusao-Estudos-e-Formacao_SBVDAE_assinado-768x544.jpg",768,544,true],"large":["https:\/\/conclusao.pt\/portal\/wp-content\/uploads\/2025\/05\/Conclusao-Estudos-e-Formacao_SBVDAE_assinado-1024x725.jpg",1024,725,true],"1536x1536":["https:\/\/conclusao.pt\/portal\/wp-content\/uploads\/2025\/05\/Conclusao-Estudos-e-Formacao_SBVDAE_assinado-1536x1087.jpg",1536,1087,true],"2048x2048":["https:\/\/conclusao.pt\/portal\/wp-content\/uploads\/2025\/05\/Conclusao-Estudos-e-Formacao_SBVDAE_assinado-rotated.jpg",1755,1242,false],"woocommerce_thumbnail":["https:\/\/conclusao.pt\/portal\/wp-content\/uploads\/2025\/05\/Conclusao-Estudos-e-Formacao_SBVDAE_assinado-300x300.jpg",300,300,true],"woocommerce_single":["https:\/\/conclusao.pt\/portal\/wp-content\/uploads\/2025\/05\/Conclusao-Estudos-e-Formacao_SBVDAE_assinado-600x425.jpg",600,425,true],"woocommerce_gallery_thumbnail":["https:\/\/conclusao.pt\/portal\/wp-content\/uploads\/2025\/05\/Conclusao-Estudos-e-Formacao_SBVDAE_assinado-100x100.jpg",100,100,true]},"uagb_author_info":{"display_name":"Hugo Neiva","author_link":"https:\/\/conclusao.pt\/portal\/author\/hugo-neiva\/"},"uagb_comment_info":0,"uagb_excerpt":"\u00c9 com grande satisfa\u00e7\u00e3o que a Conclus\u00e3o \u2013 Estudos e Forma\u00e7\u00e3o, Lda. anuncia que foi oficialmente renovada a acredita\u00e7\u00e3o pelo Instituto Nacional de Emerg\u00eancia M\u00e9dica (INEM) para ministrar forma\u00e7\u00e3o na \u00e1rea de Suporte B\u00e1sico de Vida e Desfibrilha\u00e7\u00e3o Autom\u00e1tica Externa (SBVDAE). A decis\u00e3o positiva foi comunicada pelo INEM, atrav\u00e9s do seu Gabinete de Acredita\u00e7\u00e3o de&hellip;","_links":{"self":[{"href":"https:\/\/conclusao.pt\/portal\/wp-json\/wp\/v2\/posts\/49292","targetHints":{"allow":["GET"]}}],"collection":[{"href":"https:\/\/conclusao.pt\/portal\/wp-json\/wp\/v2\/posts"}],"about":[{"href":"https:\/\/conclusao.pt\/portal\/wp-json\/wp\/v2\/types\/post"}],"author":[{"embeddable":true,"href":"https:\/\/conclusao.pt\/portal\/wp-json\/wp\/v2\/users\/7"}],"replies":[{"embeddable":true,"href":"https:\/\/conclusao.pt\/portal\/wp-json\/wp\/v2\/comments?post=49292"}],"version-history":[{"count":2,"href":"https:\/\/conclusao.pt\/portal\/wp-json\/wp\/v2\/posts\/49292\/revisions"}],"predecessor-version":[{"id":49296,"href":"https:\/\/conclusao.pt\/portal\/wp-json\/wp\/v2\/posts\/49292\/revisions\/49296"}],"wp:featuredmedia":[{"embeddable":true,"href":"https:\/\/conclusao.pt\/portal\/wp-json\/wp\/v2\/media\/49293"}],"wp:attachment":[{"href":"https:\/\/conclusao.pt\/portal\/wp-json\/wp\/v2\/media?parent=49292"}],"wp:term":[{"taxonomy":"category","embeddable":true,"href":"https:\/\/conclusao.pt\/portal\/wp-json\/wp\/v2\/categories?post=49292"},{"taxonomy":"post_tag","embeddable":true,"href":"https:\/\/conclusao.pt\/portal\/wp-json\/wp\/v2\/tags?post=49292"}],"curies":[{"name":"wp","href":"https:\/\/api.w.org\/{rel}","templated":true}]}}