{"id":48645,"date":"2025-02-17T18:20:42","date_gmt":"2025-02-17T18:20:42","guid":{"rendered":"https:\/\/conclusao.pt\/portal\/?p=48645"},"modified":"2025-02-17T18:20:45","modified_gmt":"2025-02-17T18:20:45","slug":"renovacao-da-acreditacao-do-inem-compromisso-com-a-formacao-em-emergencia","status":"publish","type":"post","link":"https:\/\/conclusao.pt\/portal\/2025\/02\/17\/renovacao-da-acreditacao-do-inem-compromisso-com-a-formacao-em-emergencia\/","title":{"rendered":"Renova\u00e7\u00e3o da Acredita\u00e7\u00e3o do INEM \u2013 Compromisso com a Forma\u00e7\u00e3o em Emerg\u00eancia"},"content":{"rendered":"\n<p>\u00c9 com satisfa\u00e7\u00e3o que informamos que a <strong>acredita\u00e7\u00e3o do INEM<\/strong> foi <strong>renovada por mais 5 anos<\/strong>, refor\u00e7ando o compromisso da Conclus\u00e3o na forma\u00e7\u00e3o em emerg\u00eancia e suporte b\u00e1sico de vida.<\/p>\n\n\n\n<p>Desde 2020, temos vindo a desenvolver a\u00e7\u00f5es de forma\u00e7\u00e3o especializadas, contribuindo para a capacita\u00e7\u00e3o de profissionais e cidad\u00e3os na resposta a situa\u00e7\u00f5es cr\u00edticas. Eis alguns dados de execu\u00e7\u00e3o:<\/p>\n\n\n\n<p>\ud83d\udccc <strong>SBV-DAE (Suporte B\u00e1sico de Vida com Desfibrilha\u00e7\u00e3o Autom\u00e1tica Externa)<\/strong> \u2013 48 a\u00e7\u00f5es<br>\ud83d\udccc <strong>SBV Pedi\u00e1trico<\/strong> \u2013 29 a\u00e7\u00f5es<br>\ud83d\udccc <strong>SBV Adulto<\/strong> \u2013 19 a\u00e7\u00f5es<\/p>\n\n\n\n<p>Esta renova\u00e7\u00e3o valida a qualidade e o rigor das nossas forma\u00e7\u00f5es e permite-nos continuar a garantir forma\u00e7\u00e3o certificada e reconhecida. Agradecemos a todos os formadores e participantes que t\u00eam contribu\u00eddo para este sucesso!<\/p>\n\n\n\n<p><strong>Juntos, salvamos vidas!<\/strong> \ud83d\ude91\ud83d\udc99<\/p>\n\n\n\n<p>#Conclus\u00e3oForma\u00e7\u00e3o #INEM #Emerg\u00eancia #SBV<\/p>\n","protected":false},"excerpt":{"rendered":"<p>\u00c9 com satisfa\u00e7\u00e3o que informamos que a acredita\u00e7\u00e3o do INEM foi renovada por mais 5 anos, refor\u00e7ando o compromisso da Conclus\u00e3o na forma\u00e7\u00e3o em emerg\u00eancia e suporte b\u00e1sico de vida. Desde 2020, temos vindo a desenvolver a\u00e7\u00f5es de forma\u00e7\u00e3o especializadas, contribuindo para a capacita\u00e7\u00e3o de profissionais e cidad\u00e3os na resposta a situa\u00e7\u00f5es cr\u00edticas. Eis alguns &hellip;<\/p>\n<p class=\"read-more\"> <a class=\"\" href=\"https:\/\/conclusao.pt\/portal\/2025\/02\/17\/renovacao-da-acreditacao-do-inem-compromisso-com-a-formacao-em-emergencia\/\"> <span class=\"screen-reader-text\">Renova\u00e7\u00e3o da Acredita\u00e7\u00e3o do INEM \u2013 Compromisso com a Forma\u00e7\u00e3o em Emerg\u00eancia<\/span> Read More &raquo;<\/a><\/p>\n","protected":false},"author":7,"featured_media":48644,"comment_status":"closed","ping_status":"closed","sticky":false,"template":"","format":"standard","meta":{"om_disable_all_campaigns":false,"_uag_custom_page_level_css":"","sfsi_plus_gutenberg_text_before_share":"","sfsi_plus_gutenberg_show_text_before_share":"","sfsi_plus_gutenberg_icon_type":"","sfsi_plus_gutenberg_icon_alignemt":"","sfsi_plus_gutenburg_max_per_row":"","site-sidebar-layout":"default","site-content-layout":"default","ast-global-header-display":"","ast-banner-title-visibility":"","ast-main-header-display":"","ast-hfb-above-header-display":"","ast-hfb-below-header-display":"","ast-hfb-mobile-header-display":"","site-post-title":"","ast-breadcrumbs-content":"","ast-featured-img":"","footer-sml-layout":"","theme-transparent-header-meta":"","adv-header-id-meta":"","stick-header-meta":"","header-above-stick-meta":"","header-main-stick-meta":"","header-below-stick-meta":"","_joinchat":[],"footnotes":""},"categories":[278,329],"tags":[],"class_list":["post-48645","post","type-post","status-publish","format-standard","has-post-thumbnail","hentry","category-destaques","category-noticias"],"yoast_head":"<!-- This site is optimized with the Yoast SEO plugin v26.5 - https:\/\/yoast.com\/wordpress\/plugins\/seo\/ -->\n<title>Renova\u00e7\u00e3o da Acredita\u00e7\u00e3o do INEM \u2013 Compromisso com a Forma\u00e7\u00e3o em Emerg\u00eancia - Conclus\u00e3o - Estudos e Forma\u00e7\u00e3o<\/title>\n<meta name=\"robots\" content=\"index, follow, max-snippet:-1, max-image-preview:large, max-video-preview:-1\" \/>\n<link rel=\"canonical\" href=\"https:\/\/conclusao.pt\/portal\/2025\/02\/17\/renovacao-da-acreditacao-do-inem-compromisso-com-a-formacao-em-emergencia\/\" \/>\n<meta property=\"og:locale\" content=\"pt_PT\" \/>\n<meta property=\"og:type\" content=\"article\" \/>\n<meta property=\"og:title\" content=\"Renova\u00e7\u00e3o da Acredita\u00e7\u00e3o do INEM \u2013 Compromisso com a Forma\u00e7\u00e3o em Emerg\u00eancia - Conclus\u00e3o - Estudos e Forma\u00e7\u00e3o\" \/>\n<meta property=\"og:description\" content=\"\u00c9 com satisfa\u00e7\u00e3o que informamos que a acredita\u00e7\u00e3o do INEM foi renovada por mais 5 anos, refor\u00e7ando o compromisso da Conclus\u00e3o na forma\u00e7\u00e3o em emerg\u00eancia e suporte b\u00e1sico de vida. Desde 2020, temos vindo a desenvolver a\u00e7\u00f5es de forma\u00e7\u00e3o especializadas, contribuindo para a capacita\u00e7\u00e3o de profissionais e cidad\u00e3os na resposta a situa\u00e7\u00f5es cr\u00edticas. Eis alguns &hellip; Renova\u00e7\u00e3o da Acredita\u00e7\u00e3o do INEM \u2013 Compromisso com a Forma\u00e7\u00e3o em Emerg\u00eancia Read More &raquo;\" \/>\n<meta property=\"og:url\" content=\"https:\/\/conclusao.pt\/portal\/2025\/02\/17\/renovacao-da-acreditacao-do-inem-compromisso-com-a-formacao-em-emergencia\/\" \/>\n<meta property=\"og:site_name\" content=\"Conclus\u00e3o - Estudos e Forma\u00e7\u00e3o\" \/>\n<meta property=\"article:publisher\" content=\"https:\/\/www.facebook.com\/conclusaoformacao\/\" \/>\n<meta property=\"article:published_time\" content=\"2025-02-17T18:20:42+00:00\" \/>\n<meta property=\"article:modified_time\" content=\"2025-02-17T18:20:45+00:00\" \/>\n<meta property=\"og:image\" content=\"https:\/\/conclusao.pt\/portal\/wp-content\/uploads\/2025\/02\/SBV-GERAL-CH-07.jpg\" \/>\n\t<meta property=\"og:image:width\" content=\"1762\" \/>\n\t<meta property=\"og:image:height\" content=\"1762\" \/>\n\t<meta property=\"og:image:type\" content=\"image\/jpeg\" \/>\n<meta name=\"author\" content=\"Hugo Neiva\" \/>\n<meta name=\"twitter:card\" content=\"summary_large_image\" \/>\n<meta name=\"twitter:label1\" content=\"Escrito por\" \/>\n\t<meta name=\"twitter:data1\" content=\"Hugo Neiva\" \/>\n\t<meta name=\"twitter:label2\" content=\"Tempo estimado de leitura\" \/>\n\t<meta name=\"twitter:data2\" content=\"1 minuto\" \/>\n<script type=\"application\/ld+json\" class=\"yoast-schema-graph\">{\"@context\":\"https:\/\/schema.org\",\"@graph\":[{\"@type\":\"Article\",\"@id\":\"https:\/\/conclusao.pt\/portal\/2025\/02\/17\/renovacao-da-acreditacao-do-inem-compromisso-com-a-formacao-em-emergencia\/#article\",\"isPartOf\":{\"@id\":\"https:\/\/conclusao.pt\/portal\/2025\/02\/17\/renovacao-da-acreditacao-do-inem-compromisso-com-a-formacao-em-emergencia\/\"},\"author\":{\"name\":\"Hugo Neiva\",\"@id\":\"https:\/\/conclusao.pt\/portal\/#\/schema\/person\/301199b0ce99141cb8ca744e4222b2c1\"},\"headline\":\"Renova\u00e7\u00e3o da Acredita\u00e7\u00e3o do INEM \u2013 Compromisso com a Forma\u00e7\u00e3o em Emerg\u00eancia\",\"datePublished\":\"2025-02-17T18:20:42+00:00\",\"dateModified\":\"2025-02-17T18:20:45+00:00\",\"mainEntityOfPage\":{\"@id\":\"https:\/\/conclusao.pt\/portal\/2025\/02\/17\/renovacao-da-acreditacao-do-inem-compromisso-com-a-formacao-em-emergencia\/\"},\"wordCount\":155,\"publisher\":{\"@id\":\"https:\/\/conclusao.pt\/portal\/#organization\"},\"image\":{\"@id\":\"https:\/\/conclusao.pt\/portal\/2025\/02\/17\/renovacao-da-acreditacao-do-inem-compromisso-com-a-formacao-em-emergencia\/#primaryimage\"},\"thumbnailUrl\":\"https:\/\/conclusao.pt\/portal\/wp-content\/uploads\/2025\/02\/SBV-GERAL-CH-07.jpg\",\"articleSection\":[\"Destaques\",\"Not\u00edcias\"],\"inLanguage\":\"pt-PT\"},{\"@type\":\"WebPage\",\"@id\":\"https:\/\/conclusao.pt\/portal\/2025\/02\/17\/renovacao-da-acreditacao-do-inem-compromisso-com-a-formacao-em-emergencia\/\",\"url\":\"https:\/\/conclusao.pt\/portal\/2025\/02\/17\/renovacao-da-acreditacao-do-inem-compromisso-com-a-formacao-em-emergencia\/\",\"name\":\"Renova\u00e7\u00e3o da Acredita\u00e7\u00e3o do INEM \u2013 Compromisso com a Forma\u00e7\u00e3o em Emerg\u00eancia - Conclus\u00e3o - Estudos e Forma\u00e7\u00e3o\",\"isPartOf\":{\"@id\":\"https:\/\/conclusao.pt\/portal\/#website\"},\"primaryImageOfPage\":{\"@id\":\"https:\/\/conclusao.pt\/portal\/2025\/02\/17\/renovacao-da-acreditacao-do-inem-compromisso-com-a-formacao-em-emergencia\/#primaryimage\"},\"image\":{\"@id\":\"https:\/\/conclusao.pt\/portal\/2025\/02\/17\/renovacao-da-acreditacao-do-inem-compromisso-com-a-formacao-em-emergencia\/#primaryimage\"},\"thumbnailUrl\":\"https:\/\/conclusao.pt\/portal\/wp-content\/uploads\/2025\/02\/SBV-GERAL-CH-07.jpg\",\"datePublished\":\"2025-02-17T18:20:42+00:00\",\"dateModified\":\"2025-02-17T18:20:45+00:00\",\"breadcrumb\":{\"@id\":\"https:\/\/conclusao.pt\/portal\/2025\/02\/17\/renovacao-da-acreditacao-do-inem-compromisso-com-a-formacao-em-emergencia\/#breadcrumb\"},\"inLanguage\":\"pt-PT\",\"potentialAction\":[{\"@type\":\"ReadAction\",\"target\":[\"https:\/\/conclusao.pt\/portal\/2025\/02\/17\/renovacao-da-acreditacao-do-inem-compromisso-com-a-formacao-em-emergencia\/\"]}]},{\"@type\":\"ImageObject\",\"inLanguage\":\"pt-PT\",\"@id\":\"https:\/\/conclusao.pt\/portal\/2025\/02\/17\/renovacao-da-acreditacao-do-inem-compromisso-com-a-formacao-em-emergencia\/#primaryimage\",\"url\":\"https:\/\/conclusao.pt\/portal\/wp-content\/uploads\/2025\/02\/SBV-GERAL-CH-07.jpg\",\"contentUrl\":\"https:\/\/conclusao.pt\/portal\/wp-content\/uploads\/2025\/02\/SBV-GERAL-CH-07.jpg\",\"width\":1762,\"height\":1762},{\"@type\":\"BreadcrumbList\",\"@id\":\"https:\/\/conclusao.pt\/portal\/2025\/02\/17\/renovacao-da-acreditacao-do-inem-compromisso-com-a-formacao-em-emergencia\/#breadcrumb\",\"itemListElement\":[{\"@type\":\"ListItem\",\"position\":1,\"name\":\"In\u00edcio\",\"item\":\"https:\/\/conclusao.pt\/portal\/\"},{\"@type\":\"ListItem\",\"position\":2,\"name\":\"Renova\u00e7\u00e3o da Acredita\u00e7\u00e3o do INEM \u2013 Compromisso com a Forma\u00e7\u00e3o em Emerg\u00eancia\"}]},{\"@type\":\"WebSite\",\"@id\":\"https:\/\/conclusao.pt\/portal\/#website\",\"url\":\"https:\/\/conclusao.pt\/portal\/\",\"name\":\"Conclus\u00e3o - Estudos e Forma\u00e7\u00e3o\",\"description\":\"A Conclus\u00e3o \u2013 Estudos e Forma\u00e7\u00e3o, Lda \u00e9 uma empresa que iniciou a sua atividade em 1987, tendo ao longo dos anos especializado na promo\u00e7\u00e3o de cursos de forma\u00e7\u00e3o profissional, na elabora\u00e7\u00e3o estudos e projetos e no desenvolvimento de atividades de consultoria empresarial.\",\"publisher\":{\"@id\":\"https:\/\/conclusao.pt\/portal\/#organization\"},\"potentialAction\":[{\"@type\":\"SearchAction\",\"target\":{\"@type\":\"EntryPoint\",\"urlTemplate\":\"https:\/\/conclusao.pt\/portal\/?s={search_term_string}\"},\"query-input\":{\"@type\":\"PropertyValueSpecification\",\"valueRequired\":true,\"valueName\":\"search_term_string\"}}],\"inLanguage\":\"pt-PT\"},{\"@type\":\"Organization\",\"@id\":\"https:\/\/conclusao.pt\/portal\/#organization\",\"name\":\"Conclus\u00e3o - Estudos e Forma\u00e7\u00e3o\",\"url\":\"https:\/\/conclusao.pt\/portal\/\",\"logo\":{\"@type\":\"ImageObject\",\"inLanguage\":\"pt-PT\",\"@id\":\"https:\/\/conclusao.pt\/portal\/#\/schema\/logo\/image\/\",\"url\":\"https:\/\/conclusao.pt\/portal\/wp-content\/uploads\/2023\/09\/cropped-logotipo.png\",\"contentUrl\":\"https:\/\/conclusao.pt\/portal\/wp-content\/uploads\/2023\/09\/cropped-logotipo.png\",\"width\":200,\"height\":65,\"caption\":\"Conclus\u00e3o - Estudos e Forma\u00e7\u00e3o\"},\"image\":{\"@id\":\"https:\/\/conclusao.pt\/portal\/#\/schema\/logo\/image\/\"},\"sameAs\":[\"https:\/\/www.facebook.com\/conclusaoformacao\/\",\"https:\/\/www.instagram.com\/conclusaolda\/\",\"https:\/\/www.linkedin.com\/company\/conclusao\/\"]},{\"@type\":\"Person\",\"@id\":\"https:\/\/conclusao.pt\/portal\/#\/schema\/person\/301199b0ce99141cb8ca744e4222b2c1\",\"name\":\"Hugo Neiva\",\"image\":{\"@type\":\"ImageObject\",\"inLanguage\":\"pt-PT\",\"@id\":\"https:\/\/conclusao.pt\/portal\/#\/schema\/person\/image\/\",\"url\":\"https:\/\/secure.gravatar.com\/avatar\/9367476f0cb0fc91e9c911ae9634c30c6dd935a242e33579787466019472bb64?s=96&d=mm&r=g\",\"contentUrl\":\"https:\/\/secure.gravatar.com\/avatar\/9367476f0cb0fc91e9c911ae9634c30c6dd935a242e33579787466019472bb64?s=96&d=mm&r=g\",\"caption\":\"Hugo Neiva\"},\"url\":\"https:\/\/conclusao.pt\/portal\/author\/hugo-neiva\/\"}]}<\/script>\n<!-- \/ Yoast SEO plugin. -->","yoast_head_json":{"title":"Renova\u00e7\u00e3o da Acredita\u00e7\u00e3o do INEM \u2013 Compromisso com a Forma\u00e7\u00e3o em Emerg\u00eancia - Conclus\u00e3o - Estudos e Forma\u00e7\u00e3o","robots":{"index":"index","follow":"follow","max-snippet":"max-snippet:-1","max-image-preview":"max-image-preview:large","max-video-preview":"max-video-preview:-1"},"canonical":"https:\/\/conclusao.pt\/portal\/2025\/02\/17\/renovacao-da-acreditacao-do-inem-compromisso-com-a-formacao-em-emergencia\/","og_locale":"pt_PT","og_type":"article","og_title":"Renova\u00e7\u00e3o da Acredita\u00e7\u00e3o do INEM \u2013 Compromisso com a Forma\u00e7\u00e3o em Emerg\u00eancia - Conclus\u00e3o - Estudos e Forma\u00e7\u00e3o","og_description":"\u00c9 com satisfa\u00e7\u00e3o que informamos que a acredita\u00e7\u00e3o do INEM foi renovada por mais 5 anos, refor\u00e7ando o compromisso da Conclus\u00e3o na forma\u00e7\u00e3o em emerg\u00eancia e suporte b\u00e1sico de vida. Desde 2020, temos vindo a desenvolver a\u00e7\u00f5es de forma\u00e7\u00e3o especializadas, contribuindo para a capacita\u00e7\u00e3o de profissionais e cidad\u00e3os na resposta a situa\u00e7\u00f5es cr\u00edticas. Eis alguns &hellip; Renova\u00e7\u00e3o da Acredita\u00e7\u00e3o do INEM \u2013 Compromisso com a Forma\u00e7\u00e3o em Emerg\u00eancia Read More &raquo;","og_url":"https:\/\/conclusao.pt\/portal\/2025\/02\/17\/renovacao-da-acreditacao-do-inem-compromisso-com-a-formacao-em-emergencia\/","og_site_name":"Conclus\u00e3o - Estudos e Forma\u00e7\u00e3o","article_publisher":"https:\/\/www.facebook.com\/conclusaoformacao\/","article_published_time":"2025-02-17T18:20:42+00:00","article_modified_time":"2025-02-17T18:20:45+00:00","og_image":[{"width":1762,"height":1762,"url":"https:\/\/conclusao.pt\/portal\/wp-content\/uploads\/2025\/02\/SBV-GERAL-CH-07.jpg","type":"image\/jpeg"}],"author":"Hugo Neiva","twitter_card":"summary_large_image","twitter_misc":{"Escrito por":"Hugo Neiva","Tempo estimado de leitura":"1 minuto"},"schema":{"@context":"https:\/\/schema.org","@graph":[{"@type":"Article","@id":"https:\/\/conclusao.pt\/portal\/2025\/02\/17\/renovacao-da-acreditacao-do-inem-compromisso-com-a-formacao-em-emergencia\/#article","isPartOf":{"@id":"https:\/\/conclusao.pt\/portal\/2025\/02\/17\/renovacao-da-acreditacao-do-inem-compromisso-com-a-formacao-em-emergencia\/"},"author":{"name":"Hugo Neiva","@id":"https:\/\/conclusao.pt\/portal\/#\/schema\/person\/301199b0ce99141cb8ca744e4222b2c1"},"headline":"Renova\u00e7\u00e3o da Acredita\u00e7\u00e3o do INEM \u2013 Compromisso com a Forma\u00e7\u00e3o em Emerg\u00eancia","datePublished":"2025-02-17T18:20:42+00:00","dateModified":"2025-02-17T18:20:45+00:00","mainEntityOfPage":{"@id":"https:\/\/conclusao.pt\/portal\/2025\/02\/17\/renovacao-da-acreditacao-do-inem-compromisso-com-a-formacao-em-emergencia\/"},"wordCount":155,"publisher":{"@id":"https:\/\/conclusao.pt\/portal\/#organization"},"image":{"@id":"https:\/\/conclusao.pt\/portal\/2025\/02\/17\/renovacao-da-acreditacao-do-inem-compromisso-com-a-formacao-em-emergencia\/#primaryimage"},"thumbnailUrl":"https:\/\/conclusao.pt\/portal\/wp-content\/uploads\/2025\/02\/SBV-GERAL-CH-07.jpg","articleSection":["Destaques","Not\u00edcias"],"inLanguage":"pt-PT"},{"@type":"WebPage","@id":"https:\/\/conclusao.pt\/portal\/2025\/02\/17\/renovacao-da-acreditacao-do-inem-compromisso-com-a-formacao-em-emergencia\/","url":"https:\/\/conclusao.pt\/portal\/2025\/02\/17\/renovacao-da-acreditacao-do-inem-compromisso-com-a-formacao-em-emergencia\/","name":"Renova\u00e7\u00e3o da Acredita\u00e7\u00e3o do INEM \u2013 Compromisso com a Forma\u00e7\u00e3o em Emerg\u00eancia - Conclus\u00e3o - Estudos e Forma\u00e7\u00e3o","isPartOf":{"@id":"https:\/\/conclusao.pt\/portal\/#website"},"primaryImageOfPage":{"@id":"https:\/\/conclusao.pt\/portal\/2025\/02\/17\/renovacao-da-acreditacao-do-inem-compromisso-com-a-formacao-em-emergencia\/#primaryimage"},"image":{"@id":"https:\/\/conclusao.pt\/portal\/2025\/02\/17\/renovacao-da-acreditacao-do-inem-compromisso-com-a-formacao-em-emergencia\/#primaryimage"},"thumbnailUrl":"https:\/\/conclusao.pt\/portal\/wp-content\/uploads\/2025\/02\/SBV-GERAL-CH-07.jpg","datePublished":"2025-02-17T18:20:42+00:00","dateModified":"2025-02-17T18:20:45+00:00","breadcrumb":{"@id":"https:\/\/conclusao.pt\/portal\/2025\/02\/17\/renovacao-da-acreditacao-do-inem-compromisso-com-a-formacao-em-emergencia\/#breadcrumb"},"inLanguage":"pt-PT","potentialAction":[{"@type":"ReadAction","target":["https:\/\/conclusao.pt\/portal\/2025\/02\/17\/renovacao-da-acreditacao-do-inem-compromisso-com-a-formacao-em-emergencia\/"]}]},{"@type":"ImageObject","inLanguage":"pt-PT","@id":"https:\/\/conclusao.pt\/portal\/2025\/02\/17\/renovacao-da-acreditacao-do-inem-compromisso-com-a-formacao-em-emergencia\/#primaryimage","url":"https:\/\/conclusao.pt\/portal\/wp-content\/uploads\/2025\/02\/SBV-GERAL-CH-07.jpg","contentUrl":"https:\/\/conclusao.pt\/portal\/wp-content\/uploads\/2025\/02\/SBV-GERAL-CH-07.jpg","width":1762,"height":1762},{"@type":"BreadcrumbList","@id":"https:\/\/conclusao.pt\/portal\/2025\/02\/17\/renovacao-da-acreditacao-do-inem-compromisso-com-a-formacao-em-emergencia\/#breadcrumb","itemListElement":[{"@type":"ListItem","position":1,"name":"In\u00edcio","item":"https:\/\/conclusao.pt\/portal\/"},{"@type":"ListItem","position":2,"name":"Renova\u00e7\u00e3o da Acredita\u00e7\u00e3o do INEM \u2013 Compromisso com a Forma\u00e7\u00e3o em Emerg\u00eancia"}]},{"@type":"WebSite","@id":"https:\/\/conclusao.pt\/portal\/#website","url":"https:\/\/conclusao.pt\/portal\/","name":"Conclus\u00e3o - Estudos e Forma\u00e7\u00e3o","description":"A Conclus\u00e3o \u2013 Estudos e Forma\u00e7\u00e3o, Lda \u00e9 uma empresa que iniciou a sua atividade em 1987, tendo ao longo dos anos especializado na promo\u00e7\u00e3o de cursos de forma\u00e7\u00e3o profissional, na elabora\u00e7\u00e3o estudos e projetos e no desenvolvimento de atividades de consultoria empresarial.","publisher":{"@id":"https:\/\/conclusao.pt\/portal\/#organization"},"potentialAction":[{"@type":"SearchAction","target":{"@type":"EntryPoint","urlTemplate":"https:\/\/conclusao.pt\/portal\/?s={search_term_string}"},"query-input":{"@type":"PropertyValueSpecification","valueRequired":true,"valueName":"search_term_string"}}],"inLanguage":"pt-PT"},{"@type":"Organization","@id":"https:\/\/conclusao.pt\/portal\/#organization","name":"Conclus\u00e3o - Estudos e Forma\u00e7\u00e3o","url":"https:\/\/conclusao.pt\/portal\/","logo":{"@type":"ImageObject","inLanguage":"pt-PT","@id":"https:\/\/conclusao.pt\/portal\/#\/schema\/logo\/image\/","url":"https:\/\/conclusao.pt\/portal\/wp-content\/uploads\/2023\/09\/cropped-logotipo.png","contentUrl":"https:\/\/conclusao.pt\/portal\/wp-content\/uploads\/2023\/09\/cropped-logotipo.png","width":200,"height":65,"caption":"Conclus\u00e3o - Estudos e Forma\u00e7\u00e3o"},"image":{"@id":"https:\/\/conclusao.pt\/portal\/#\/schema\/logo\/image\/"},"sameAs":["https:\/\/www.facebook.com\/conclusaoformacao\/","https:\/\/www.instagram.com\/conclusaolda\/","https:\/\/www.linkedin.com\/company\/conclusao\/"]},{"@type":"Person","@id":"https:\/\/conclusao.pt\/portal\/#\/schema\/person\/301199b0ce99141cb8ca744e4222b2c1","name":"Hugo Neiva","image":{"@type":"ImageObject","inLanguage":"pt-PT","@id":"https:\/\/conclusao.pt\/portal\/#\/schema\/person\/image\/","url":"https:\/\/secure.gravatar.com\/avatar\/9367476f0cb0fc91e9c911ae9634c30c6dd935a242e33579787466019472bb64?s=96&d=mm&r=g","contentUrl":"https:\/\/secure.gravatar.com\/avatar\/9367476f0cb0fc91e9c911ae9634c30c6dd935a242e33579787466019472bb64?s=96&d=mm&r=g","caption":"Hugo Neiva"},"url":"https:\/\/conclusao.pt\/portal\/author\/hugo-neiva\/"}]}},"uagb_featured_image_src":{"full":["https:\/\/conclusao.pt\/portal\/wp-content\/uploads\/2025\/02\/SBV-GERAL-CH-07.jpg",1762,1762,false],"thumbnail":["https:\/\/conclusao.pt\/portal\/wp-content\/uploads\/2025\/02\/SBV-GERAL-CH-07-150x150.jpg",150,150,true],"medium":["https:\/\/conclusao.pt\/portal\/wp-content\/uploads\/2025\/02\/SBV-GERAL-CH-07-300x300.jpg",300,300,true],"medium_large":["https:\/\/conclusao.pt\/portal\/wp-content\/uploads\/2025\/02\/SBV-GERAL-CH-07-768x768.jpg",768,768,true],"large":["https:\/\/conclusao.pt\/portal\/wp-content\/uploads\/2025\/02\/SBV-GERAL-CH-07-1024x1024.jpg",1024,1024,true],"1536x1536":["https:\/\/conclusao.pt\/portal\/wp-content\/uploads\/2025\/02\/SBV-GERAL-CH-07-1536x1536.jpg",1536,1536,true],"2048x2048":["https:\/\/conclusao.pt\/portal\/wp-content\/uploads\/2025\/02\/SBV-GERAL-CH-07.jpg",1762,1762,false],"woocommerce_thumbnail":["https:\/\/conclusao.pt\/portal\/wp-content\/uploads\/2025\/02\/SBV-GERAL-CH-07-300x300.jpg",300,300,true],"woocommerce_single":["https:\/\/conclusao.pt\/portal\/wp-content\/uploads\/2025\/02\/SBV-GERAL-CH-07-600x600.jpg",600,600,true],"woocommerce_gallery_thumbnail":["https:\/\/conclusao.pt\/portal\/wp-content\/uploads\/2025\/02\/SBV-GERAL-CH-07-100x100.jpg",100,100,true]},"uagb_author_info":{"display_name":"Hugo Neiva","author_link":"https:\/\/conclusao.pt\/portal\/author\/hugo-neiva\/"},"uagb_comment_info":0,"uagb_excerpt":"\u00c9 com satisfa\u00e7\u00e3o que informamos que a acredita\u00e7\u00e3o do INEM foi renovada por mais 5 anos, refor\u00e7ando o compromisso da Conclus\u00e3o na forma\u00e7\u00e3o em emerg\u00eancia e suporte b\u00e1sico de vida. Desde 2020, temos vindo a desenvolver a\u00e7\u00f5es de forma\u00e7\u00e3o especializadas, contribuindo para a capacita\u00e7\u00e3o de profissionais e cidad\u00e3os na resposta a situa\u00e7\u00f5es cr\u00edticas. Eis alguns&hellip;","_links":{"self":[{"href":"https:\/\/conclusao.pt\/portal\/wp-json\/wp\/v2\/posts\/48645","targetHints":{"allow":["GET"]}}],"collection":[{"href":"https:\/\/conclusao.pt\/portal\/wp-json\/wp\/v2\/posts"}],"about":[{"href":"https:\/\/conclusao.pt\/portal\/wp-json\/wp\/v2\/types\/post"}],"author":[{"embeddable":true,"href":"https:\/\/conclusao.pt\/portal\/wp-json\/wp\/v2\/users\/7"}],"replies":[{"embeddable":true,"href":"https:\/\/conclusao.pt\/portal\/wp-json\/wp\/v2\/comments?post=48645"}],"version-history":[{"count":1,"href":"https:\/\/conclusao.pt\/portal\/wp-json\/wp\/v2\/posts\/48645\/revisions"}],"predecessor-version":[{"id":48646,"href":"https:\/\/conclusao.pt\/portal\/wp-json\/wp\/v2\/posts\/48645\/revisions\/48646"}],"wp:featuredmedia":[{"embeddable":true,"href":"https:\/\/conclusao.pt\/portal\/wp-json\/wp\/v2\/media\/48644"}],"wp:attachment":[{"href":"https:\/\/conclusao.pt\/portal\/wp-json\/wp\/v2\/media?parent=48645"}],"wp:term":[{"taxonomy":"category","embeddable":true,"href":"https:\/\/conclusao.pt\/portal\/wp-json\/wp\/v2\/categories?post=48645"},{"taxonomy":"post_tag","embeddable":true,"href":"https:\/\/conclusao.pt\/portal\/wp-json\/wp\/v2\/tags?post=48645"}],"curies":[{"name":"wp","href":"https:\/\/api.w.org\/{rel}","templated":true}]}}