{"id":34891,"date":"2023-05-31T12:01:46","date_gmt":"2023-05-31T11:01:46","guid":{"rendered":"https:\/\/devconclusao.lojas-online.pt\/2023\/05\/31\/formacao-pedagogica-inicial-de-formadores-10\/"},"modified":"2023-05-31T12:01:46","modified_gmt":"2023-05-31T11:01:46","slug":"formacao-pedagogica-inicial-de-formadores-10","status":"publish","type":"post","link":"https:\/\/conclusao.pt\/portal\/2023\/05\/31\/formacao-pedagogica-inicial-de-formadores-10\/","title":{"rendered":"Forma\u00e7\u00e3o Pedag\u00f3gica Inicial de Formadores"},"content":{"rendered":"<p>[fsn_row][fsn_column width=\\&#8221;12\\&#8221;][fsn_text]<\/p>\n<p>Junho est\u00e1 a chegar, e com o novo m\u00eas vem n\u00e3o s\u00f3 o Ver\u00e3o mas tamb\u00e9m um mar de oportunidades. Este m\u00eas vem repleto de novas a\u00e7\u00f5es de Forma\u00e7\u00e3o Pedag\u00f3gica Inicial de Formadores, a realizar em diversas localiza\u00e7\u00f5es, que podem mudar a sua vida. Se tem o desejo de se tornar um formador certificado, desempenhar um papel fulcral de orientar e dirigir uma turma de formandos, proporcionando o desenvolvimento de compet\u00eancias espec\u00edficas relacionadas a uma \u00e1rea, a Conclus\u00e3o \u00e9 o local indicado. N\u00e3o perca esta oportunidade!<\/p>\n<p>A forma\u00e7\u00e3o ser\u00e1 realizada em regime b-learning e em hor\u00e1rio p\u00f3s-laboral. A totalidade de horas integra 34h presenciais, 7h de sess\u00f5es s\u00edncronas e 49h de sess\u00f5es ass\u00edncronas. Destina-se a indiv\u00edduos licenciados ou com o m\u00ednimo de 5 anos de experi\u00eancia na sua \u00e1rea, e aborda tem\u00e1ticas como Comunica\u00e7\u00e3o e Dinamiza\u00e7\u00e3o de Grupos em Forma\u00e7\u00e3o, Metodologias e Estrat\u00e9gias Pedag\u00f3gicas, Recursos Did\u00e1ticos e Multim\u00e9dia e Plataformas Colaborativas e de Aprendizagem, entre outras.<\/p>\n<p>N\u00e3o perca tempo e fa\u00e7a j\u00e1 a sua inscri\u00e7\u00e3o <a href=\\\"https:\/\/conclusao.pt\/portal\/formacao\/formacao-nao-financiada\/#_tab-433df7eec4984128bac\\\">aqui<\/a>. Torne-se um formador e fa\u00e7a parte dessa jornada educacional. Estamos ansiosos para receber sua inscri\u00e7\u00e3o e ajud\u00e1-lo a transformar vidas atrav\u00e9s da educa\u00e7\u00e3o.<\/p>\n<p>Datas previstas:<\/p>\n<ul>\n<li>Seia &#8211; 5 junho<\/li>\n<li>\u00c1gueda &#8211; 6 junho<\/li>\n<li>Leiria &#8211; 6 junho<\/li>\n<li>Aveiro &#8211; 6 junho<\/li>\n<li>Guarda &#8211; 7 junho<\/li>\n<li>Lisboa &#8211; 13 junho<\/li>\n<li>Viseu &#8211; 13 junho<\/li>\n<li>Coimbra &#8211; 21 junho<\/li>\n<li>Figueira da Foz &#8211; 27 junho<\/li>\n<\/ul>\n<p>&nbsp;<\/p>\n<p>Inscreva-se agora e junte-se a n\u00f3s nesta miss\u00e3o de capacitar pessoas e construir um futuro mais brilhante atrav\u00e9s da forma\u00e7\u00e3o.<\/p>\n<p>Para mais informa\u00e7\u00f5es ligue 239 497 990 ou envie e-mail para geral@conclusao.pt.<\/p>\n<p>[\/fsn_text][\/fsn_column][\/fsn_row]<\/p>\n","protected":false},"excerpt":{"rendered":"<p>[fsn_row][fsn_column width=\\&#8221;12\\&#8221;][fsn_text] Junho est\u00e1 a chegar, e com o novo m\u00eas vem n\u00e3o s\u00f3 o Ver\u00e3o mas tamb\u00e9m um mar de oportunidades. Este m\u00eas vem repleto de novas a\u00e7\u00f5es de Forma\u00e7\u00e3o Pedag\u00f3gica Inicial de Formadores, a realizar em diversas localiza\u00e7\u00f5es, que podem mudar a sua vida. Se tem o desejo de se tornar um formador &hellip;<\/p>\n<p class=\"read-more\"> <a class=\"\" href=\"https:\/\/conclusao.pt\/portal\/2023\/05\/31\/formacao-pedagogica-inicial-de-formadores-10\/\"> <span class=\"screen-reader-text\">Forma\u00e7\u00e3o Pedag\u00f3gica Inicial de Formadores<\/span> Read More &raquo;<\/a><\/p>\n","protected":false},"author":4,"featured_media":34593,"comment_status":"closed","ping_status":"closed","sticky":false,"template":"","format":"standard","meta":{"om_disable_all_campaigns":false,"_uag_custom_page_level_css":"","sfsi_plus_gutenberg_text_before_share":"","sfsi_plus_gutenberg_show_text_before_share":"","sfsi_plus_gutenberg_icon_type":"","sfsi_plus_gutenberg_icon_alignemt":"","sfsi_plus_gutenburg_max_per_row":"","site-sidebar-layout":"default","site-content-layout":"default","ast-global-header-display":"","ast-banner-title-visibility":"","ast-main-header-display":"","ast-hfb-above-header-display":"","ast-hfb-below-header-display":"","ast-hfb-mobile-header-display":"","site-post-title":"","ast-breadcrumbs-content":"","ast-featured-img":"","footer-sml-layout":"","theme-transparent-header-meta":"","adv-header-id-meta":"","stick-header-meta":"","header-above-stick-meta":"","header-main-stick-meta":"","header-below-stick-meta":"","_joinchat":[],"footnotes":""},"categories":[277,329],"tags":[],"class_list":["post-34891","post","type-post","status-publish","format-standard","has-post-thumbnail","hentry","category-geral","category-noticias"],"yoast_head":"<!-- This site is optimized with the Yoast SEO plugin v26.5 - https:\/\/yoast.com\/wordpress\/plugins\/seo\/ -->\n<title>Forma\u00e7\u00e3o Pedag\u00f3gica Inicial de Formadores - Conclus\u00e3o - Estudos e Forma\u00e7\u00e3o<\/title>\n<meta name=\"robots\" content=\"index, follow, max-snippet:-1, max-image-preview:large, max-video-preview:-1\" \/>\n<link rel=\"canonical\" href=\"https:\/\/conclusao.pt\/portal\/2023\/05\/31\/formacao-pedagogica-inicial-de-formadores-10\/\" \/>\n<meta property=\"og:locale\" content=\"pt_PT\" \/>\n<meta property=\"og:type\" content=\"article\" \/>\n<meta property=\"og:title\" content=\"Forma\u00e7\u00e3o Pedag\u00f3gica Inicial de Formadores - Conclus\u00e3o - Estudos e Forma\u00e7\u00e3o\" \/>\n<meta property=\"og:description\" content=\"[fsn_row][fsn_column width=&#8221;12&#8221;][fsn_text] Junho est\u00e1 a chegar, e com o novo m\u00eas vem n\u00e3o s\u00f3 o Ver\u00e3o mas tamb\u00e9m um mar de oportunidades. Este m\u00eas vem repleto de novas a\u00e7\u00f5es de Forma\u00e7\u00e3o Pedag\u00f3gica Inicial de Formadores, a realizar em diversas localiza\u00e7\u00f5es, que podem mudar a sua vida. Se tem o desejo de se tornar um formador &hellip; Forma\u00e7\u00e3o Pedag\u00f3gica Inicial de Formadores Read More &raquo;\" \/>\n<meta property=\"og:url\" content=\"https:\/\/conclusao.pt\/portal\/2023\/05\/31\/formacao-pedagogica-inicial-de-formadores-10\/\" \/>\n<meta property=\"og:site_name\" content=\"Conclus\u00e3o - Estudos e Forma\u00e7\u00e3o\" \/>\n<meta property=\"article:publisher\" content=\"https:\/\/www.facebook.com\/conclusaoformacao\/\" \/>\n<meta property=\"article:published_time\" content=\"2023-05-31T11:01:46+00:00\" \/>\n<meta property=\"og:image\" content=\"https:\/\/conclusao.pt\/portal\/wp-content\/uploads\/2023\/04\/WhatsApp-Image-2023-04-18-at-16.11.25.jpeg\" \/>\n\t<meta property=\"og:image:width\" content=\"1600\" \/>\n\t<meta property=\"og:image:height\" content=\"1600\" \/>\n\t<meta property=\"og:image:type\" content=\"image\/jpeg\" \/>\n<meta name=\"author\" content=\"Comunicacao Edacademy\" \/>\n<meta name=\"twitter:card\" content=\"summary_large_image\" \/>\n<meta name=\"twitter:label1\" content=\"Escrito por\" \/>\n\t<meta name=\"twitter:data1\" content=\"Comunicacao Edacademy\" \/>\n\t<meta name=\"twitter:label2\" content=\"Tempo estimado de leitura\" \/>\n\t<meta name=\"twitter:data2\" content=\"2 minutos\" \/>\n<script type=\"application\/ld+json\" class=\"yoast-schema-graph\">{\"@context\":\"https:\/\/schema.org\",\"@graph\":[{\"@type\":\"Article\",\"@id\":\"https:\/\/conclusao.pt\/portal\/2023\/05\/31\/formacao-pedagogica-inicial-de-formadores-10\/#article\",\"isPartOf\":{\"@id\":\"https:\/\/conclusao.pt\/portal\/2023\/05\/31\/formacao-pedagogica-inicial-de-formadores-10\/\"},\"author\":{\"name\":\"Comunicacao Edacademy\",\"@id\":\"https:\/\/conclusao.pt\/portal\/#\/schema\/person\/09d7c4f492d68ca85d3d45e0a5f2d31d\"},\"headline\":\"Forma\u00e7\u00e3o Pedag\u00f3gica Inicial de Formadores\",\"datePublished\":\"2023-05-31T11:01:46+00:00\",\"mainEntityOfPage\":{\"@id\":\"https:\/\/conclusao.pt\/portal\/2023\/05\/31\/formacao-pedagogica-inicial-de-formadores-10\/\"},\"wordCount\":314,\"publisher\":{\"@id\":\"https:\/\/conclusao.pt\/portal\/#organization\"},\"image\":{\"@id\":\"https:\/\/conclusao.pt\/portal\/2023\/05\/31\/formacao-pedagogica-inicial-de-formadores-10\/#primaryimage\"},\"thumbnailUrl\":\"https:\/\/conclusao.pt\/portal\/wp-content\/uploads\/2023\/04\/WhatsApp-Image-2023-04-18-at-16.11.25.jpeg\",\"articleSection\":[\"Geral\",\"Not\u00edcias\"],\"inLanguage\":\"pt-PT\"},{\"@type\":\"WebPage\",\"@id\":\"https:\/\/conclusao.pt\/portal\/2023\/05\/31\/formacao-pedagogica-inicial-de-formadores-10\/\",\"url\":\"https:\/\/conclusao.pt\/portal\/2023\/05\/31\/formacao-pedagogica-inicial-de-formadores-10\/\",\"name\":\"Forma\u00e7\u00e3o Pedag\u00f3gica Inicial de Formadores - Conclus\u00e3o - Estudos e Forma\u00e7\u00e3o\",\"isPartOf\":{\"@id\":\"https:\/\/conclusao.pt\/portal\/#website\"},\"primaryImageOfPage\":{\"@id\":\"https:\/\/conclusao.pt\/portal\/2023\/05\/31\/formacao-pedagogica-inicial-de-formadores-10\/#primaryimage\"},\"image\":{\"@id\":\"https:\/\/conclusao.pt\/portal\/2023\/05\/31\/formacao-pedagogica-inicial-de-formadores-10\/#primaryimage\"},\"thumbnailUrl\":\"https:\/\/conclusao.pt\/portal\/wp-content\/uploads\/2023\/04\/WhatsApp-Image-2023-04-18-at-16.11.25.jpeg\",\"datePublished\":\"2023-05-31T11:01:46+00:00\",\"breadcrumb\":{\"@id\":\"https:\/\/conclusao.pt\/portal\/2023\/05\/31\/formacao-pedagogica-inicial-de-formadores-10\/#breadcrumb\"},\"inLanguage\":\"pt-PT\",\"potentialAction\":[{\"@type\":\"ReadAction\",\"target\":[\"https:\/\/conclusao.pt\/portal\/2023\/05\/31\/formacao-pedagogica-inicial-de-formadores-10\/\"]}]},{\"@type\":\"ImageObject\",\"inLanguage\":\"pt-PT\",\"@id\":\"https:\/\/conclusao.pt\/portal\/2023\/05\/31\/formacao-pedagogica-inicial-de-formadores-10\/#primaryimage\",\"url\":\"https:\/\/conclusao.pt\/portal\/wp-content\/uploads\/2023\/04\/WhatsApp-Image-2023-04-18-at-16.11.25.jpeg\",\"contentUrl\":\"https:\/\/conclusao.pt\/portal\/wp-content\/uploads\/2023\/04\/WhatsApp-Image-2023-04-18-at-16.11.25.jpeg\",\"width\":1600,\"height\":1600},{\"@type\":\"BreadcrumbList\",\"@id\":\"https:\/\/conclusao.pt\/portal\/2023\/05\/31\/formacao-pedagogica-inicial-de-formadores-10\/#breadcrumb\",\"itemListElement\":[{\"@type\":\"ListItem\",\"position\":1,\"name\":\"In\u00edcio\",\"item\":\"https:\/\/conclusao.pt\/portal\/\"},{\"@type\":\"ListItem\",\"position\":2,\"name\":\"Forma\u00e7\u00e3o Pedag\u00f3gica Inicial de Formadores\"}]},{\"@type\":\"WebSite\",\"@id\":\"https:\/\/conclusao.pt\/portal\/#website\",\"url\":\"https:\/\/conclusao.pt\/portal\/\",\"name\":\"Conclus\u00e3o - Estudos e Forma\u00e7\u00e3o\",\"description\":\"A Conclus\u00e3o \u2013 Estudos e Forma\u00e7\u00e3o, Lda \u00e9 uma empresa que iniciou a sua atividade em 1987, tendo ao longo dos anos especializado na promo\u00e7\u00e3o de cursos de forma\u00e7\u00e3o profissional, na elabora\u00e7\u00e3o estudos e projetos e no desenvolvimento de atividades de consultoria empresarial.\",\"publisher\":{\"@id\":\"https:\/\/conclusao.pt\/portal\/#organization\"},\"potentialAction\":[{\"@type\":\"SearchAction\",\"target\":{\"@type\":\"EntryPoint\",\"urlTemplate\":\"https:\/\/conclusao.pt\/portal\/?s={search_term_string}\"},\"query-input\":{\"@type\":\"PropertyValueSpecification\",\"valueRequired\":true,\"valueName\":\"search_term_string\"}}],\"inLanguage\":\"pt-PT\"},{\"@type\":\"Organization\",\"@id\":\"https:\/\/conclusao.pt\/portal\/#organization\",\"name\":\"Conclus\u00e3o - Estudos e Forma\u00e7\u00e3o\",\"url\":\"https:\/\/conclusao.pt\/portal\/\",\"logo\":{\"@type\":\"ImageObject\",\"inLanguage\":\"pt-PT\",\"@id\":\"https:\/\/conclusao.pt\/portal\/#\/schema\/logo\/image\/\",\"url\":\"https:\/\/conclusao.pt\/portal\/wp-content\/uploads\/2023\/09\/cropped-logotipo.png\",\"contentUrl\":\"https:\/\/conclusao.pt\/portal\/wp-content\/uploads\/2023\/09\/cropped-logotipo.png\",\"width\":200,\"height\":65,\"caption\":\"Conclus\u00e3o - Estudos e Forma\u00e7\u00e3o\"},\"image\":{\"@id\":\"https:\/\/conclusao.pt\/portal\/#\/schema\/logo\/image\/\"},\"sameAs\":[\"https:\/\/www.facebook.com\/conclusaoformacao\/\",\"https:\/\/www.instagram.com\/conclusaolda\/\",\"https:\/\/www.linkedin.com\/company\/conclusao\/\"]},{\"@type\":\"Person\",\"@id\":\"https:\/\/conclusao.pt\/portal\/#\/schema\/person\/09d7c4f492d68ca85d3d45e0a5f2d31d\",\"name\":\"Comunicacao Edacademy\",\"image\":{\"@type\":\"ImageObject\",\"inLanguage\":\"pt-PT\",\"@id\":\"https:\/\/conclusao.pt\/portal\/#\/schema\/person\/image\/\",\"url\":\"https:\/\/secure.gravatar.com\/avatar\/?s=96&d=mm&r=g\",\"contentUrl\":\"https:\/\/secure.gravatar.com\/avatar\/?s=96&d=mm&r=g\",\"caption\":\"Comunicacao Edacademy\"},\"url\":\"https:\/\/conclusao.pt\/portal\/author\/comunicacao-edacademy\/\"}]}<\/script>\n<!-- \/ Yoast SEO plugin. -->","yoast_head_json":{"title":"Forma\u00e7\u00e3o Pedag\u00f3gica Inicial de Formadores - Conclus\u00e3o - Estudos e Forma\u00e7\u00e3o","robots":{"index":"index","follow":"follow","max-snippet":"max-snippet:-1","max-image-preview":"max-image-preview:large","max-video-preview":"max-video-preview:-1"},"canonical":"https:\/\/conclusao.pt\/portal\/2023\/05\/31\/formacao-pedagogica-inicial-de-formadores-10\/","og_locale":"pt_PT","og_type":"article","og_title":"Forma\u00e7\u00e3o Pedag\u00f3gica Inicial de Formadores - Conclus\u00e3o - Estudos e Forma\u00e7\u00e3o","og_description":"[fsn_row][fsn_column width=&#8221;12&#8221;][fsn_text] Junho est\u00e1 a chegar, e com o novo m\u00eas vem n\u00e3o s\u00f3 o Ver\u00e3o mas tamb\u00e9m um mar de oportunidades. Este m\u00eas vem repleto de novas a\u00e7\u00f5es de Forma\u00e7\u00e3o Pedag\u00f3gica Inicial de Formadores, a realizar em diversas localiza\u00e7\u00f5es, que podem mudar a sua vida. Se tem o desejo de se tornar um formador &hellip; Forma\u00e7\u00e3o Pedag\u00f3gica Inicial de Formadores Read More &raquo;","og_url":"https:\/\/conclusao.pt\/portal\/2023\/05\/31\/formacao-pedagogica-inicial-de-formadores-10\/","og_site_name":"Conclus\u00e3o - Estudos e Forma\u00e7\u00e3o","article_publisher":"https:\/\/www.facebook.com\/conclusaoformacao\/","article_published_time":"2023-05-31T11:01:46+00:00","og_image":[{"width":1600,"height":1600,"url":"https:\/\/conclusao.pt\/portal\/wp-content\/uploads\/2023\/04\/WhatsApp-Image-2023-04-18-at-16.11.25.jpeg","type":"image\/jpeg"}],"author":"Comunicacao Edacademy","twitter_card":"summary_large_image","twitter_misc":{"Escrito por":"Comunicacao Edacademy","Tempo estimado de leitura":"2 minutos"},"schema":{"@context":"https:\/\/schema.org","@graph":[{"@type":"Article","@id":"https:\/\/conclusao.pt\/portal\/2023\/05\/31\/formacao-pedagogica-inicial-de-formadores-10\/#article","isPartOf":{"@id":"https:\/\/conclusao.pt\/portal\/2023\/05\/31\/formacao-pedagogica-inicial-de-formadores-10\/"},"author":{"name":"Comunicacao Edacademy","@id":"https:\/\/conclusao.pt\/portal\/#\/schema\/person\/09d7c4f492d68ca85d3d45e0a5f2d31d"},"headline":"Forma\u00e7\u00e3o Pedag\u00f3gica Inicial de Formadores","datePublished":"2023-05-31T11:01:46+00:00","mainEntityOfPage":{"@id":"https:\/\/conclusao.pt\/portal\/2023\/05\/31\/formacao-pedagogica-inicial-de-formadores-10\/"},"wordCount":314,"publisher":{"@id":"https:\/\/conclusao.pt\/portal\/#organization"},"image":{"@id":"https:\/\/conclusao.pt\/portal\/2023\/05\/31\/formacao-pedagogica-inicial-de-formadores-10\/#primaryimage"},"thumbnailUrl":"https:\/\/conclusao.pt\/portal\/wp-content\/uploads\/2023\/04\/WhatsApp-Image-2023-04-18-at-16.11.25.jpeg","articleSection":["Geral","Not\u00edcias"],"inLanguage":"pt-PT"},{"@type":"WebPage","@id":"https:\/\/conclusao.pt\/portal\/2023\/05\/31\/formacao-pedagogica-inicial-de-formadores-10\/","url":"https:\/\/conclusao.pt\/portal\/2023\/05\/31\/formacao-pedagogica-inicial-de-formadores-10\/","name":"Forma\u00e7\u00e3o Pedag\u00f3gica Inicial de Formadores - Conclus\u00e3o - Estudos e Forma\u00e7\u00e3o","isPartOf":{"@id":"https:\/\/conclusao.pt\/portal\/#website"},"primaryImageOfPage":{"@id":"https:\/\/conclusao.pt\/portal\/2023\/05\/31\/formacao-pedagogica-inicial-de-formadores-10\/#primaryimage"},"image":{"@id":"https:\/\/conclusao.pt\/portal\/2023\/05\/31\/formacao-pedagogica-inicial-de-formadores-10\/#primaryimage"},"thumbnailUrl":"https:\/\/conclusao.pt\/portal\/wp-content\/uploads\/2023\/04\/WhatsApp-Image-2023-04-18-at-16.11.25.jpeg","datePublished":"2023-05-31T11:01:46+00:00","breadcrumb":{"@id":"https:\/\/conclusao.pt\/portal\/2023\/05\/31\/formacao-pedagogica-inicial-de-formadores-10\/#breadcrumb"},"inLanguage":"pt-PT","potentialAction":[{"@type":"ReadAction","target":["https:\/\/conclusao.pt\/portal\/2023\/05\/31\/formacao-pedagogica-inicial-de-formadores-10\/"]}]},{"@type":"ImageObject","inLanguage":"pt-PT","@id":"https:\/\/conclusao.pt\/portal\/2023\/05\/31\/formacao-pedagogica-inicial-de-formadores-10\/#primaryimage","url":"https:\/\/conclusao.pt\/portal\/wp-content\/uploads\/2023\/04\/WhatsApp-Image-2023-04-18-at-16.11.25.jpeg","contentUrl":"https:\/\/conclusao.pt\/portal\/wp-content\/uploads\/2023\/04\/WhatsApp-Image-2023-04-18-at-16.11.25.jpeg","width":1600,"height":1600},{"@type":"BreadcrumbList","@id":"https:\/\/conclusao.pt\/portal\/2023\/05\/31\/formacao-pedagogica-inicial-de-formadores-10\/#breadcrumb","itemListElement":[{"@type":"ListItem","position":1,"name":"In\u00edcio","item":"https:\/\/conclusao.pt\/portal\/"},{"@type":"ListItem","position":2,"name":"Forma\u00e7\u00e3o Pedag\u00f3gica Inicial de Formadores"}]},{"@type":"WebSite","@id":"https:\/\/conclusao.pt\/portal\/#website","url":"https:\/\/conclusao.pt\/portal\/","name":"Conclus\u00e3o - Estudos e Forma\u00e7\u00e3o","description":"A Conclus\u00e3o \u2013 Estudos e Forma\u00e7\u00e3o, Lda \u00e9 uma empresa que iniciou a sua atividade em 1987, tendo ao longo dos anos especializado na promo\u00e7\u00e3o de cursos de forma\u00e7\u00e3o profissional, na elabora\u00e7\u00e3o estudos e projetos e no desenvolvimento de atividades de consultoria empresarial.","publisher":{"@id":"https:\/\/conclusao.pt\/portal\/#organization"},"potentialAction":[{"@type":"SearchAction","target":{"@type":"EntryPoint","urlTemplate":"https:\/\/conclusao.pt\/portal\/?s={search_term_string}"},"query-input":{"@type":"PropertyValueSpecification","valueRequired":true,"valueName":"search_term_string"}}],"inLanguage":"pt-PT"},{"@type":"Organization","@id":"https:\/\/conclusao.pt\/portal\/#organization","name":"Conclus\u00e3o - Estudos e Forma\u00e7\u00e3o","url":"https:\/\/conclusao.pt\/portal\/","logo":{"@type":"ImageObject","inLanguage":"pt-PT","@id":"https:\/\/conclusao.pt\/portal\/#\/schema\/logo\/image\/","url":"https:\/\/conclusao.pt\/portal\/wp-content\/uploads\/2023\/09\/cropped-logotipo.png","contentUrl":"https:\/\/conclusao.pt\/portal\/wp-content\/uploads\/2023\/09\/cropped-logotipo.png","width":200,"height":65,"caption":"Conclus\u00e3o - Estudos e Forma\u00e7\u00e3o"},"image":{"@id":"https:\/\/conclusao.pt\/portal\/#\/schema\/logo\/image\/"},"sameAs":["https:\/\/www.facebook.com\/conclusaoformacao\/","https:\/\/www.instagram.com\/conclusaolda\/","https:\/\/www.linkedin.com\/company\/conclusao\/"]},{"@type":"Person","@id":"https:\/\/conclusao.pt\/portal\/#\/schema\/person\/09d7c4f492d68ca85d3d45e0a5f2d31d","name":"Comunicacao Edacademy","image":{"@type":"ImageObject","inLanguage":"pt-PT","@id":"https:\/\/conclusao.pt\/portal\/#\/schema\/person\/image\/","url":"https:\/\/secure.gravatar.com\/avatar\/?s=96&d=mm&r=g","contentUrl":"https:\/\/secure.gravatar.com\/avatar\/?s=96&d=mm&r=g","caption":"Comunicacao Edacademy"},"url":"https:\/\/conclusao.pt\/portal\/author\/comunicacao-edacademy\/"}]}},"uagb_featured_image_src":{"full":["https:\/\/conclusao.pt\/portal\/wp-content\/uploads\/2023\/04\/WhatsApp-Image-2023-04-18-at-16.11.25.jpeg",1600,1600,false],"thumbnail":["https:\/\/conclusao.pt\/portal\/wp-content\/uploads\/2023\/04\/WhatsApp-Image-2023-04-18-at-16.11.25-150x150.jpeg",150,150,true],"medium":["https:\/\/conclusao.pt\/portal\/wp-content\/uploads\/2023\/04\/WhatsApp-Image-2023-04-18-at-16.11.25-300x300.jpeg",300,300,true],"medium_large":["https:\/\/conclusao.pt\/portal\/wp-content\/uploads\/2023\/04\/WhatsApp-Image-2023-04-18-at-16.11.25-768x768.jpeg",768,768,true],"large":["https:\/\/conclusao.pt\/portal\/wp-content\/uploads\/2023\/04\/WhatsApp-Image-2023-04-18-at-16.11.25-1024x1024.jpeg",1024,1024,true],"1536x1536":["https:\/\/conclusao.pt\/portal\/wp-content\/uploads\/2023\/04\/WhatsApp-Image-2023-04-18-at-16.11.25-1536x1536.jpeg",1536,1536,true],"2048x2048":["https:\/\/conclusao.pt\/portal\/wp-content\/uploads\/2023\/04\/WhatsApp-Image-2023-04-18-at-16.11.25.jpeg",1600,1600,false],"woocommerce_thumbnail":["https:\/\/conclusao.pt\/portal\/wp-content\/uploads\/2023\/04\/WhatsApp-Image-2023-04-18-at-16.11.25-300x300.jpeg",300,300,true],"woocommerce_single":["https:\/\/conclusao.pt\/portal\/wp-content\/uploads\/2023\/04\/WhatsApp-Image-2023-04-18-at-16.11.25-600x600.jpeg",600,600,true],"woocommerce_gallery_thumbnail":["https:\/\/conclusao.pt\/portal\/wp-content\/uploads\/2023\/04\/WhatsApp-Image-2023-04-18-at-16.11.25-100x100.jpeg",100,100,true]},"uagb_author_info":{"display_name":"Comunicacao Edacademy","author_link":"https:\/\/conclusao.pt\/portal\/author\/comunicacao-edacademy\/"},"uagb_comment_info":0,"uagb_excerpt":"[fsn_row][fsn_column width=\\&#8221;12\\&#8221;][fsn_text] Junho est\u00e1 a chegar, e com o novo m\u00eas vem n\u00e3o s\u00f3 o Ver\u00e3o mas tamb\u00e9m um mar de oportunidades. Este m\u00eas vem repleto de novas a\u00e7\u00f5es de Forma\u00e7\u00e3o Pedag\u00f3gica Inicial de Formadores, a realizar em diversas localiza\u00e7\u00f5es, que podem mudar a sua vida. Se tem o desejo de se tornar um formador&hellip;","_links":{"self":[{"href":"https:\/\/conclusao.pt\/portal\/wp-json\/wp\/v2\/posts\/34891","targetHints":{"allow":["GET"]}}],"collection":[{"href":"https:\/\/conclusao.pt\/portal\/wp-json\/wp\/v2\/posts"}],"about":[{"href":"https:\/\/conclusao.pt\/portal\/wp-json\/wp\/v2\/types\/post"}],"author":[{"embeddable":true,"href":"https:\/\/conclusao.pt\/portal\/wp-json\/wp\/v2\/users\/4"}],"replies":[{"embeddable":true,"href":"https:\/\/conclusao.pt\/portal\/wp-json\/wp\/v2\/comments?post=34891"}],"version-history":[{"count":0,"href":"https:\/\/conclusao.pt\/portal\/wp-json\/wp\/v2\/posts\/34891\/revisions"}],"wp:featuredmedia":[{"embeddable":true,"href":"https:\/\/conclusao.pt\/portal\/wp-json\/wp\/v2\/media\/34593"}],"wp:attachment":[{"href":"https:\/\/conclusao.pt\/portal\/wp-json\/wp\/v2\/media?parent=34891"}],"wp:term":[{"taxonomy":"category","embeddable":true,"href":"https:\/\/conclusao.pt\/portal\/wp-json\/wp\/v2\/categories?post=34891"},{"taxonomy":"post_tag","embeddable":true,"href":"https:\/\/conclusao.pt\/portal\/wp-json\/wp\/v2\/tags?post=34891"}],"curies":[{"name":"wp","href":"https:\/\/api.w.org\/{rel}","templated":true}]}}