{"id":34876,"date":"2023-05-29T12:39:52","date_gmt":"2023-05-29T11:39:52","guid":{"rendered":"https:\/\/devconclusao.lojas-online.pt\/2023\/05\/29\/dia-nacional-da-energia-promovendo-a-eficiencia-energetica-para-um-futuro-sustentavel\/"},"modified":"2023-05-29T12:39:52","modified_gmt":"2023-05-29T11:39:52","slug":"dia-nacional-da-energia-promovendo-a-eficiencia-energetica-para-um-futuro-sustentavel","status":"publish","type":"post","link":"https:\/\/conclusao.pt\/portal\/2023\/05\/29\/dia-nacional-da-energia-promovendo-a-eficiencia-energetica-para-um-futuro-sustentavel\/","title":{"rendered":"Dia Nacional da Energia: Promovendo a Efici\u00eancia Energ\u00e9tica para um Futuro Sustent\u00e1vel"},"content":{"rendered":"<p><strong>O Dia Nacional da Energia<\/strong>, comemorado anualmente a 29 de maio, \u00e9 uma data de consciencializa\u00e7\u00e3o que nos convida a refletir sobre a import\u00e2ncia da efici\u00eancia energ\u00e9tica e as suas implica\u00e7\u00f5es no desenvolvimento sustent\u00e1vel. Nesta ocasi\u00e3o, realizam-se v\u00e1rias a\u00e7\u00f5es para sensibilizar a popula\u00e7\u00e3o sobre a utiliza\u00e7\u00e3o respons\u00e1vel dos recursos energ\u00e9ticos e real\u00e7ar a necessidade de adotar estrat\u00e9gias que promovam uma utiliza\u00e7\u00e3o mais eficiente da energia. Neste artigo, exploraremos o significado deste dia e destacaremos algumas iniciativas not\u00e1veis na promo\u00e7\u00e3o da efici\u00eancia energ\u00e9tica.<\/p>\n<p><strong>Promovendo a Efici\u00eancia Energ\u00e9tica:<\/strong> O principal objetivo do Dia Nacional da Energia \u00e9 alertar e sensibilizar os consumidores para a import\u00e2ncia de desenvolver estrat\u00e9gias de efici\u00eancia energ\u00e9tica no seu quotidiano. Uma das formas mais eficazes de reduzir o consumo de energia \u00e9 aproveitar ao m\u00e1ximo a luz natural durante o dia, evitando o uso desnecess\u00e1rio de ilumina\u00e7\u00e3o artificial. Al\u00e9m disso, a substitui\u00e7\u00e3o de l\u00e2mpadas convencionais por op\u00e7\u00f5es mais econ\u00f3micas e eficientes pode levar a uma poupan\u00e7a significativa de energia el\u00e9trica ao longo do ano.<\/p>\n<p>Dados impressionantes revelam que a maioria das resid\u00eancias pode reduzir o consumo de eletricidade para ilumina\u00e7\u00e3o em at\u00e9 <strong>15 a 20%,<\/strong> sem comprometer a qualidade da ilumina\u00e7\u00e3o. Esta mudan\u00e7a simples e pr\u00e1tica pode ter um impacto significativo na redu\u00e7\u00e3o do consumo de energia e na promo\u00e7\u00e3o de um estilo de vida mais sustent\u00e1vel.<\/p>\n<p><strong>Exemplos de Iniciativas<\/strong>: O Dia Nacional da Energia \u00e9 marcado por uma s\u00e9rie de atividades e iniciativas que visam divulgar conhecimento sobre efici\u00eancia energ\u00e9tica. Uma dessas iniciativas not\u00e1veis ocorre na Secretaria-Geral da Economia (SGE), que se destaca como um exemplo de refer\u00eancia no setor. A SGE tem adotado medidas estrat\u00e9gicas para promover a efici\u00eancia energ\u00e9tica nos seus edif\u00edcios, contribuindo diretamente para a redu\u00e7\u00e3o do consumo energ\u00e9tico.<\/p>\n<p>Um exemplo concreto \u00e9 a Candidatura europeia ao Programa Operacional Sustentabilidade e Efici\u00eancia no Uso de Recursos (PO SEUR), realizada no Pal\u00e1cio do Manteigueiro no Chiado, em Lisboa. Este projeto resultou em interven\u00e7\u00f5es que melhoraram significativamente o desempenho energ\u00e9tico do edif\u00edcio, tornando-o mais sustent\u00e1vel.<\/p>\n<p>Al\u00e9m disso, a SGE est\u00e1 empenhada no n\u00facleo interministerial respons\u00e1vel pela implementa\u00e7\u00e3o da Resolu\u00e7\u00e3o de Conselho de Ministros n.\u00ba 141\/2018, cujo objetivo \u00e9 reduzir o consumo de papel e pl\u00e1stico nos servi\u00e7os da Administra\u00e7\u00e3o P\u00fablica. Esta iniciativa promove a partilha de boas pr\u00e1ticas entre todas as entidades da \u00e1rea da Economia e procura estimular uma utiliza\u00e7\u00e3o mais consciente dos recursos naturais.<\/p>\n<p>O Dia Nacional da Energia \u00e9 uma oportunidade valiosa para refletir sobre a utiliza\u00e7\u00e3o respons\u00e1vel da energia e a import\u00e2ncia da efici\u00eancia energ\u00e9tica na nossa sociedade. Atrav\u00e9s de a\u00e7\u00f5es de sensibiliza\u00e7\u00e3o.<\/p>\n<p>Com o nosso curso de <strong>Efici\u00eancia Energ\u00e9tica na Ind\u00fastria<\/strong> podes aquirir os conhecimentos que necessitas nesta \u00e1rea.<\/p>\n<h3><a href=\\\"http:\/\/www.conclusao.pt\/lojaonline\/ambiente-e-novas-energias\/54-eficiencia-energetica-na-industria.html\\\">Inscreve-te aqui: Efici\u00eancia Energ\u00e9tica na Ind\u00fastria<\/a><\/h3>\n","protected":false},"excerpt":{"rendered":"<p>O Dia Nacional da Energia, comemorado anualmente a 29 de maio, \u00e9 uma data de consciencializa\u00e7\u00e3o que nos convida a refletir sobre a import\u00e2ncia da efici\u00eancia energ\u00e9tica e as suas implica\u00e7\u00f5es no desenvolvimento sustent\u00e1vel. Nesta ocasi\u00e3o, realizam-se v\u00e1rias a\u00e7\u00f5es para sensibilizar a popula\u00e7\u00e3o sobre a utiliza\u00e7\u00e3o respons\u00e1vel dos recursos energ\u00e9ticos e real\u00e7ar a necessidade de &hellip;<\/p>\n<p class=\"read-more\"> <a class=\"\" href=\"https:\/\/conclusao.pt\/portal\/2023\/05\/29\/dia-nacional-da-energia-promovendo-a-eficiencia-energetica-para-um-futuro-sustentavel\/\"> <span class=\"screen-reader-text\">Dia Nacional da Energia: Promovendo a Efici\u00eancia Energ\u00e9tica para um Futuro Sustent\u00e1vel<\/span> Read More &raquo;<\/a><\/p>\n","protected":false},"author":4,"featured_media":34877,"comment_status":"closed","ping_status":"closed","sticky":false,"template":"","format":"standard","meta":{"om_disable_all_campaigns":false,"_uag_custom_page_level_css":"","sfsi_plus_gutenberg_text_before_share":"","sfsi_plus_gutenberg_show_text_before_share":"","sfsi_plus_gutenberg_icon_type":"","sfsi_plus_gutenberg_icon_alignemt":"","sfsi_plus_gutenburg_max_per_row":"","site-sidebar-layout":"default","site-content-layout":"default","ast-global-header-display":"","ast-banner-title-visibility":"","ast-main-header-display":"","ast-hfb-above-header-display":"","ast-hfb-below-header-display":"","ast-hfb-mobile-header-display":"","site-post-title":"","ast-breadcrumbs-content":"","ast-featured-img":"","footer-sml-layout":"","theme-transparent-header-meta":"","adv-header-id-meta":"","stick-header-meta":"","header-above-stick-meta":"","header-main-stick-meta":"","header-below-stick-meta":"","_joinchat":[],"footnotes":""},"categories":[278,329],"tags":[],"class_list":["post-34876","post","type-post","status-publish","format-standard","has-post-thumbnail","hentry","category-destaques","category-noticias"],"yoast_head":"<!-- This site is optimized with the Yoast SEO plugin v26.5 - https:\/\/yoast.com\/wordpress\/plugins\/seo\/ -->\n<title>Dia Nacional da Energia: Promovendo a Efici\u00eancia Energ\u00e9tica para um Futuro Sustent\u00e1vel - Conclus\u00e3o - Estudos e Forma\u00e7\u00e3o<\/title>\n<meta name=\"robots\" content=\"index, follow, max-snippet:-1, max-image-preview:large, max-video-preview:-1\" \/>\n<link rel=\"canonical\" href=\"https:\/\/conclusao.pt\/portal\/2023\/05\/29\/dia-nacional-da-energia-promovendo-a-eficiencia-energetica-para-um-futuro-sustentavel\/\" \/>\n<meta property=\"og:locale\" content=\"pt_PT\" \/>\n<meta property=\"og:type\" content=\"article\" \/>\n<meta property=\"og:title\" content=\"Dia Nacional da Energia: Promovendo a Efici\u00eancia Energ\u00e9tica para um Futuro Sustent\u00e1vel - Conclus\u00e3o - Estudos e Forma\u00e7\u00e3o\" \/>\n<meta property=\"og:description\" content=\"O Dia Nacional da Energia, comemorado anualmente a 29 de maio, \u00e9 uma data de consciencializa\u00e7\u00e3o que nos convida a refletir sobre a import\u00e2ncia da efici\u00eancia energ\u00e9tica e as suas implica\u00e7\u00f5es no desenvolvimento sustent\u00e1vel. Nesta ocasi\u00e3o, realizam-se v\u00e1rias a\u00e7\u00f5es para sensibilizar a popula\u00e7\u00e3o sobre a utiliza\u00e7\u00e3o respons\u00e1vel dos recursos energ\u00e9ticos e real\u00e7ar a necessidade de &hellip; Dia Nacional da Energia: Promovendo a Efici\u00eancia Energ\u00e9tica para um Futuro Sustent\u00e1vel Read More &raquo;\" \/>\n<meta property=\"og:url\" content=\"https:\/\/conclusao.pt\/portal\/2023\/05\/29\/dia-nacional-da-energia-promovendo-a-eficiencia-energetica-para-um-futuro-sustentavel\/\" \/>\n<meta property=\"og:site_name\" content=\"Conclus\u00e3o - Estudos e Forma\u00e7\u00e3o\" \/>\n<meta property=\"article:publisher\" content=\"https:\/\/www.facebook.com\/conclusaoformacao\/\" \/>\n<meta property=\"article:published_time\" content=\"2023-05-29T11:39:52+00:00\" \/>\n<meta property=\"og:image\" content=\"https:\/\/conclusao.pt\/portal\/wp-content\/uploads\/2023\/05\/Dia-Nacional-Da-Energia-29-Maio-jpg.webp\" \/>\n\t<meta property=\"og:image:width\" content=\"1600\" \/>\n\t<meta property=\"og:image:height\" content=\"1600\" \/>\n\t<meta property=\"og:image:type\" content=\"image\/webp\" \/>\n<meta name=\"author\" content=\"Comunicacao Edacademy\" \/>\n<meta name=\"twitter:card\" content=\"summary_large_image\" \/>\n<meta name=\"twitter:label1\" content=\"Escrito por\" \/>\n\t<meta name=\"twitter:data1\" content=\"Comunicacao Edacademy\" \/>\n\t<meta name=\"twitter:label2\" content=\"Tempo estimado de leitura\" \/>\n\t<meta name=\"twitter:data2\" content=\"3 minutos\" \/>\n<script type=\"application\/ld+json\" class=\"yoast-schema-graph\">{\"@context\":\"https:\/\/schema.org\",\"@graph\":[{\"@type\":\"Article\",\"@id\":\"https:\/\/conclusao.pt\/portal\/2023\/05\/29\/dia-nacional-da-energia-promovendo-a-eficiencia-energetica-para-um-futuro-sustentavel\/#article\",\"isPartOf\":{\"@id\":\"https:\/\/conclusao.pt\/portal\/2023\/05\/29\/dia-nacional-da-energia-promovendo-a-eficiencia-energetica-para-um-futuro-sustentavel\/\"},\"author\":{\"name\":\"Comunicacao Edacademy\",\"@id\":\"https:\/\/conclusao.pt\/portal\/#\/schema\/person\/09d7c4f492d68ca85d3d45e0a5f2d31d\"},\"headline\":\"Dia Nacional da Energia: Promovendo a Efici\u00eancia Energ\u00e9tica para um Futuro Sustent\u00e1vel\",\"datePublished\":\"2023-05-29T11:39:52+00:00\",\"mainEntityOfPage\":{\"@id\":\"https:\/\/conclusao.pt\/portal\/2023\/05\/29\/dia-nacional-da-energia-promovendo-a-eficiencia-energetica-para-um-futuro-sustentavel\/\"},\"wordCount\":534,\"publisher\":{\"@id\":\"https:\/\/conclusao.pt\/portal\/#organization\"},\"image\":{\"@id\":\"https:\/\/conclusao.pt\/portal\/2023\/05\/29\/dia-nacional-da-energia-promovendo-a-eficiencia-energetica-para-um-futuro-sustentavel\/#primaryimage\"},\"thumbnailUrl\":\"https:\/\/conclusao.pt\/portal\/wp-content\/uploads\/2023\/05\/Dia-Nacional-Da-Energia-29-Maio-jpg.webp\",\"articleSection\":[\"Destaques\",\"Not\u00edcias\"],\"inLanguage\":\"pt-PT\"},{\"@type\":\"WebPage\",\"@id\":\"https:\/\/conclusao.pt\/portal\/2023\/05\/29\/dia-nacional-da-energia-promovendo-a-eficiencia-energetica-para-um-futuro-sustentavel\/\",\"url\":\"https:\/\/conclusao.pt\/portal\/2023\/05\/29\/dia-nacional-da-energia-promovendo-a-eficiencia-energetica-para-um-futuro-sustentavel\/\",\"name\":\"Dia Nacional da Energia: Promovendo a Efici\u00eancia Energ\u00e9tica para um Futuro Sustent\u00e1vel - Conclus\u00e3o - Estudos e Forma\u00e7\u00e3o\",\"isPartOf\":{\"@id\":\"https:\/\/conclusao.pt\/portal\/#website\"},\"primaryImageOfPage\":{\"@id\":\"https:\/\/conclusao.pt\/portal\/2023\/05\/29\/dia-nacional-da-energia-promovendo-a-eficiencia-energetica-para-um-futuro-sustentavel\/#primaryimage\"},\"image\":{\"@id\":\"https:\/\/conclusao.pt\/portal\/2023\/05\/29\/dia-nacional-da-energia-promovendo-a-eficiencia-energetica-para-um-futuro-sustentavel\/#primaryimage\"},\"thumbnailUrl\":\"https:\/\/conclusao.pt\/portal\/wp-content\/uploads\/2023\/05\/Dia-Nacional-Da-Energia-29-Maio-jpg.webp\",\"datePublished\":\"2023-05-29T11:39:52+00:00\",\"breadcrumb\":{\"@id\":\"https:\/\/conclusao.pt\/portal\/2023\/05\/29\/dia-nacional-da-energia-promovendo-a-eficiencia-energetica-para-um-futuro-sustentavel\/#breadcrumb\"},\"inLanguage\":\"pt-PT\",\"potentialAction\":[{\"@type\":\"ReadAction\",\"target\":[\"https:\/\/conclusao.pt\/portal\/2023\/05\/29\/dia-nacional-da-energia-promovendo-a-eficiencia-energetica-para-um-futuro-sustentavel\/\"]}]},{\"@type\":\"ImageObject\",\"inLanguage\":\"pt-PT\",\"@id\":\"https:\/\/conclusao.pt\/portal\/2023\/05\/29\/dia-nacional-da-energia-promovendo-a-eficiencia-energetica-para-um-futuro-sustentavel\/#primaryimage\",\"url\":\"https:\/\/conclusao.pt\/portal\/wp-content\/uploads\/2023\/05\/Dia-Nacional-Da-Energia-29-Maio-jpg.webp\",\"contentUrl\":\"https:\/\/conclusao.pt\/portal\/wp-content\/uploads\/2023\/05\/Dia-Nacional-Da-Energia-29-Maio-jpg.webp\",\"width\":1600,\"height\":1600,\"caption\":\"Dia Nacional da Energia: Promovendo a Efici\u00eancia Energ\u00e9tica para um Futuro Sustent\u00e1vel\"},{\"@type\":\"BreadcrumbList\",\"@id\":\"https:\/\/conclusao.pt\/portal\/2023\/05\/29\/dia-nacional-da-energia-promovendo-a-eficiencia-energetica-para-um-futuro-sustentavel\/#breadcrumb\",\"itemListElement\":[{\"@type\":\"ListItem\",\"position\":1,\"name\":\"In\u00edcio\",\"item\":\"https:\/\/conclusao.pt\/portal\/\"},{\"@type\":\"ListItem\",\"position\":2,\"name\":\"Dia Nacional da Energia: Promovendo a Efici\u00eancia Energ\u00e9tica para um Futuro Sustent\u00e1vel\"}]},{\"@type\":\"WebSite\",\"@id\":\"https:\/\/conclusao.pt\/portal\/#website\",\"url\":\"https:\/\/conclusao.pt\/portal\/\",\"name\":\"Conclus\u00e3o - Estudos e Forma\u00e7\u00e3o\",\"description\":\"A Conclus\u00e3o \u2013 Estudos e Forma\u00e7\u00e3o, Lda \u00e9 uma empresa que iniciou a sua atividade em 1987, tendo ao longo dos anos especializado na promo\u00e7\u00e3o de cursos de forma\u00e7\u00e3o profissional, na elabora\u00e7\u00e3o estudos e projetos e no desenvolvimento de atividades de consultoria empresarial.\",\"publisher\":{\"@id\":\"https:\/\/conclusao.pt\/portal\/#organization\"},\"potentialAction\":[{\"@type\":\"SearchAction\",\"target\":{\"@type\":\"EntryPoint\",\"urlTemplate\":\"https:\/\/conclusao.pt\/portal\/?s={search_term_string}\"},\"query-input\":{\"@type\":\"PropertyValueSpecification\",\"valueRequired\":true,\"valueName\":\"search_term_string\"}}],\"inLanguage\":\"pt-PT\"},{\"@type\":\"Organization\",\"@id\":\"https:\/\/conclusao.pt\/portal\/#organization\",\"name\":\"Conclus\u00e3o - Estudos e Forma\u00e7\u00e3o\",\"url\":\"https:\/\/conclusao.pt\/portal\/\",\"logo\":{\"@type\":\"ImageObject\",\"inLanguage\":\"pt-PT\",\"@id\":\"https:\/\/conclusao.pt\/portal\/#\/schema\/logo\/image\/\",\"url\":\"https:\/\/conclusao.pt\/portal\/wp-content\/uploads\/2023\/09\/cropped-logotipo.png\",\"contentUrl\":\"https:\/\/conclusao.pt\/portal\/wp-content\/uploads\/2023\/09\/cropped-logotipo.png\",\"width\":200,\"height\":65,\"caption\":\"Conclus\u00e3o - Estudos e Forma\u00e7\u00e3o\"},\"image\":{\"@id\":\"https:\/\/conclusao.pt\/portal\/#\/schema\/logo\/image\/\"},\"sameAs\":[\"https:\/\/www.facebook.com\/conclusaoformacao\/\",\"https:\/\/www.instagram.com\/conclusaolda\/\",\"https:\/\/www.linkedin.com\/company\/conclusao\/\"]},{\"@type\":\"Person\",\"@id\":\"https:\/\/conclusao.pt\/portal\/#\/schema\/person\/09d7c4f492d68ca85d3d45e0a5f2d31d\",\"name\":\"Comunicacao Edacademy\",\"image\":{\"@type\":\"ImageObject\",\"inLanguage\":\"pt-PT\",\"@id\":\"https:\/\/conclusao.pt\/portal\/#\/schema\/person\/image\/\",\"url\":\"https:\/\/secure.gravatar.com\/avatar\/?s=96&d=mm&r=g\",\"contentUrl\":\"https:\/\/secure.gravatar.com\/avatar\/?s=96&d=mm&r=g\",\"caption\":\"Comunicacao Edacademy\"},\"url\":\"https:\/\/conclusao.pt\/portal\/author\/comunicacao-edacademy\/\"}]}<\/script>\n<!-- \/ Yoast SEO plugin. -->","yoast_head_json":{"title":"Dia Nacional da Energia: Promovendo a Efici\u00eancia Energ\u00e9tica para um Futuro Sustent\u00e1vel - Conclus\u00e3o - Estudos e Forma\u00e7\u00e3o","robots":{"index":"index","follow":"follow","max-snippet":"max-snippet:-1","max-image-preview":"max-image-preview:large","max-video-preview":"max-video-preview:-1"},"canonical":"https:\/\/conclusao.pt\/portal\/2023\/05\/29\/dia-nacional-da-energia-promovendo-a-eficiencia-energetica-para-um-futuro-sustentavel\/","og_locale":"pt_PT","og_type":"article","og_title":"Dia Nacional da Energia: Promovendo a Efici\u00eancia Energ\u00e9tica para um Futuro Sustent\u00e1vel - Conclus\u00e3o - Estudos e Forma\u00e7\u00e3o","og_description":"O Dia Nacional da Energia, comemorado anualmente a 29 de maio, \u00e9 uma data de consciencializa\u00e7\u00e3o que nos convida a refletir sobre a import\u00e2ncia da efici\u00eancia energ\u00e9tica e as suas implica\u00e7\u00f5es no desenvolvimento sustent\u00e1vel. Nesta ocasi\u00e3o, realizam-se v\u00e1rias a\u00e7\u00f5es para sensibilizar a popula\u00e7\u00e3o sobre a utiliza\u00e7\u00e3o respons\u00e1vel dos recursos energ\u00e9ticos e real\u00e7ar a necessidade de &hellip; Dia Nacional da Energia: Promovendo a Efici\u00eancia Energ\u00e9tica para um Futuro Sustent\u00e1vel Read More &raquo;","og_url":"https:\/\/conclusao.pt\/portal\/2023\/05\/29\/dia-nacional-da-energia-promovendo-a-eficiencia-energetica-para-um-futuro-sustentavel\/","og_site_name":"Conclus\u00e3o - Estudos e Forma\u00e7\u00e3o","article_publisher":"https:\/\/www.facebook.com\/conclusaoformacao\/","article_published_time":"2023-05-29T11:39:52+00:00","og_image":[{"width":1600,"height":1600,"url":"https:\/\/conclusao.pt\/portal\/wp-content\/uploads\/2023\/05\/Dia-Nacional-Da-Energia-29-Maio-jpg.webp","type":"image\/webp"}],"author":"Comunicacao Edacademy","twitter_card":"summary_large_image","twitter_misc":{"Escrito por":"Comunicacao Edacademy","Tempo estimado de leitura":"3 minutos"},"schema":{"@context":"https:\/\/schema.org","@graph":[{"@type":"Article","@id":"https:\/\/conclusao.pt\/portal\/2023\/05\/29\/dia-nacional-da-energia-promovendo-a-eficiencia-energetica-para-um-futuro-sustentavel\/#article","isPartOf":{"@id":"https:\/\/conclusao.pt\/portal\/2023\/05\/29\/dia-nacional-da-energia-promovendo-a-eficiencia-energetica-para-um-futuro-sustentavel\/"},"author":{"name":"Comunicacao Edacademy","@id":"https:\/\/conclusao.pt\/portal\/#\/schema\/person\/09d7c4f492d68ca85d3d45e0a5f2d31d"},"headline":"Dia Nacional da Energia: Promovendo a Efici\u00eancia Energ\u00e9tica para um Futuro Sustent\u00e1vel","datePublished":"2023-05-29T11:39:52+00:00","mainEntityOfPage":{"@id":"https:\/\/conclusao.pt\/portal\/2023\/05\/29\/dia-nacional-da-energia-promovendo-a-eficiencia-energetica-para-um-futuro-sustentavel\/"},"wordCount":534,"publisher":{"@id":"https:\/\/conclusao.pt\/portal\/#organization"},"image":{"@id":"https:\/\/conclusao.pt\/portal\/2023\/05\/29\/dia-nacional-da-energia-promovendo-a-eficiencia-energetica-para-um-futuro-sustentavel\/#primaryimage"},"thumbnailUrl":"https:\/\/conclusao.pt\/portal\/wp-content\/uploads\/2023\/05\/Dia-Nacional-Da-Energia-29-Maio-jpg.webp","articleSection":["Destaques","Not\u00edcias"],"inLanguage":"pt-PT"},{"@type":"WebPage","@id":"https:\/\/conclusao.pt\/portal\/2023\/05\/29\/dia-nacional-da-energia-promovendo-a-eficiencia-energetica-para-um-futuro-sustentavel\/","url":"https:\/\/conclusao.pt\/portal\/2023\/05\/29\/dia-nacional-da-energia-promovendo-a-eficiencia-energetica-para-um-futuro-sustentavel\/","name":"Dia Nacional da Energia: Promovendo a Efici\u00eancia Energ\u00e9tica para um Futuro Sustent\u00e1vel - Conclus\u00e3o - Estudos e Forma\u00e7\u00e3o","isPartOf":{"@id":"https:\/\/conclusao.pt\/portal\/#website"},"primaryImageOfPage":{"@id":"https:\/\/conclusao.pt\/portal\/2023\/05\/29\/dia-nacional-da-energia-promovendo-a-eficiencia-energetica-para-um-futuro-sustentavel\/#primaryimage"},"image":{"@id":"https:\/\/conclusao.pt\/portal\/2023\/05\/29\/dia-nacional-da-energia-promovendo-a-eficiencia-energetica-para-um-futuro-sustentavel\/#primaryimage"},"thumbnailUrl":"https:\/\/conclusao.pt\/portal\/wp-content\/uploads\/2023\/05\/Dia-Nacional-Da-Energia-29-Maio-jpg.webp","datePublished":"2023-05-29T11:39:52+00:00","breadcrumb":{"@id":"https:\/\/conclusao.pt\/portal\/2023\/05\/29\/dia-nacional-da-energia-promovendo-a-eficiencia-energetica-para-um-futuro-sustentavel\/#breadcrumb"},"inLanguage":"pt-PT","potentialAction":[{"@type":"ReadAction","target":["https:\/\/conclusao.pt\/portal\/2023\/05\/29\/dia-nacional-da-energia-promovendo-a-eficiencia-energetica-para-um-futuro-sustentavel\/"]}]},{"@type":"ImageObject","inLanguage":"pt-PT","@id":"https:\/\/conclusao.pt\/portal\/2023\/05\/29\/dia-nacional-da-energia-promovendo-a-eficiencia-energetica-para-um-futuro-sustentavel\/#primaryimage","url":"https:\/\/conclusao.pt\/portal\/wp-content\/uploads\/2023\/05\/Dia-Nacional-Da-Energia-29-Maio-jpg.webp","contentUrl":"https:\/\/conclusao.pt\/portal\/wp-content\/uploads\/2023\/05\/Dia-Nacional-Da-Energia-29-Maio-jpg.webp","width":1600,"height":1600,"caption":"Dia Nacional da Energia: Promovendo a Efici\u00eancia Energ\u00e9tica para um Futuro Sustent\u00e1vel"},{"@type":"BreadcrumbList","@id":"https:\/\/conclusao.pt\/portal\/2023\/05\/29\/dia-nacional-da-energia-promovendo-a-eficiencia-energetica-para-um-futuro-sustentavel\/#breadcrumb","itemListElement":[{"@type":"ListItem","position":1,"name":"In\u00edcio","item":"https:\/\/conclusao.pt\/portal\/"},{"@type":"ListItem","position":2,"name":"Dia Nacional da Energia: Promovendo a Efici\u00eancia Energ\u00e9tica para um Futuro Sustent\u00e1vel"}]},{"@type":"WebSite","@id":"https:\/\/conclusao.pt\/portal\/#website","url":"https:\/\/conclusao.pt\/portal\/","name":"Conclus\u00e3o - Estudos e Forma\u00e7\u00e3o","description":"A Conclus\u00e3o \u2013 Estudos e Forma\u00e7\u00e3o, Lda \u00e9 uma empresa que iniciou a sua atividade em 1987, tendo ao longo dos anos especializado na promo\u00e7\u00e3o de cursos de forma\u00e7\u00e3o profissional, na elabora\u00e7\u00e3o estudos e projetos e no desenvolvimento de atividades de consultoria empresarial.","publisher":{"@id":"https:\/\/conclusao.pt\/portal\/#organization"},"potentialAction":[{"@type":"SearchAction","target":{"@type":"EntryPoint","urlTemplate":"https:\/\/conclusao.pt\/portal\/?s={search_term_string}"},"query-input":{"@type":"PropertyValueSpecification","valueRequired":true,"valueName":"search_term_string"}}],"inLanguage":"pt-PT"},{"@type":"Organization","@id":"https:\/\/conclusao.pt\/portal\/#organization","name":"Conclus\u00e3o - Estudos e Forma\u00e7\u00e3o","url":"https:\/\/conclusao.pt\/portal\/","logo":{"@type":"ImageObject","inLanguage":"pt-PT","@id":"https:\/\/conclusao.pt\/portal\/#\/schema\/logo\/image\/","url":"https:\/\/conclusao.pt\/portal\/wp-content\/uploads\/2023\/09\/cropped-logotipo.png","contentUrl":"https:\/\/conclusao.pt\/portal\/wp-content\/uploads\/2023\/09\/cropped-logotipo.png","width":200,"height":65,"caption":"Conclus\u00e3o - Estudos e Forma\u00e7\u00e3o"},"image":{"@id":"https:\/\/conclusao.pt\/portal\/#\/schema\/logo\/image\/"},"sameAs":["https:\/\/www.facebook.com\/conclusaoformacao\/","https:\/\/www.instagram.com\/conclusaolda\/","https:\/\/www.linkedin.com\/company\/conclusao\/"]},{"@type":"Person","@id":"https:\/\/conclusao.pt\/portal\/#\/schema\/person\/09d7c4f492d68ca85d3d45e0a5f2d31d","name":"Comunicacao Edacademy","image":{"@type":"ImageObject","inLanguage":"pt-PT","@id":"https:\/\/conclusao.pt\/portal\/#\/schema\/person\/image\/","url":"https:\/\/secure.gravatar.com\/avatar\/?s=96&d=mm&r=g","contentUrl":"https:\/\/secure.gravatar.com\/avatar\/?s=96&d=mm&r=g","caption":"Comunicacao Edacademy"},"url":"https:\/\/conclusao.pt\/portal\/author\/comunicacao-edacademy\/"}]}},"uagb_featured_image_src":{"full":["https:\/\/conclusao.pt\/portal\/wp-content\/uploads\/2023\/05\/Dia-Nacional-Da-Energia-29-Maio-jpg.webp",1600,1600,false],"thumbnail":["https:\/\/conclusao.pt\/portal\/wp-content\/uploads\/2023\/05\/Dia-Nacional-Da-Energia-29-Maio-jpg-150x150.webp",150,150,true],"medium":["https:\/\/conclusao.pt\/portal\/wp-content\/uploads\/2023\/05\/Dia-Nacional-Da-Energia-29-Maio-jpg-300x300.webp",300,300,true],"medium_large":["https:\/\/conclusao.pt\/portal\/wp-content\/uploads\/2023\/05\/Dia-Nacional-Da-Energia-29-Maio-jpg-768x768.webp",768,768,true],"large":["https:\/\/conclusao.pt\/portal\/wp-content\/uploads\/2023\/05\/Dia-Nacional-Da-Energia-29-Maio-jpg-1024x1024.webp",1024,1024,true],"1536x1536":["https:\/\/conclusao.pt\/portal\/wp-content\/uploads\/2023\/05\/Dia-Nacional-Da-Energia-29-Maio-jpg-1536x1536.webp",1536,1536,true],"2048x2048":["https:\/\/conclusao.pt\/portal\/wp-content\/uploads\/2023\/05\/Dia-Nacional-Da-Energia-29-Maio-jpg.webp",1600,1600,false],"woocommerce_thumbnail":["https:\/\/conclusao.pt\/portal\/wp-content\/uploads\/2023\/05\/Dia-Nacional-Da-Energia-29-Maio-jpg-300x300.webp",300,300,true],"woocommerce_single":["https:\/\/conclusao.pt\/portal\/wp-content\/uploads\/2023\/05\/Dia-Nacional-Da-Energia-29-Maio-jpg-600x600.webp",600,600,true],"woocommerce_gallery_thumbnail":["https:\/\/conclusao.pt\/portal\/wp-content\/uploads\/2023\/05\/Dia-Nacional-Da-Energia-29-Maio-jpg-100x100.webp",100,100,true]},"uagb_author_info":{"display_name":"Comunicacao Edacademy","author_link":"https:\/\/conclusao.pt\/portal\/author\/comunicacao-edacademy\/"},"uagb_comment_info":0,"uagb_excerpt":"O Dia Nacional da Energia, comemorado anualmente a 29 de maio, \u00e9 uma data de consciencializa\u00e7\u00e3o que nos convida a refletir sobre a import\u00e2ncia da efici\u00eancia energ\u00e9tica e as suas implica\u00e7\u00f5es no desenvolvimento sustent\u00e1vel. Nesta ocasi\u00e3o, realizam-se v\u00e1rias a\u00e7\u00f5es para sensibilizar a popula\u00e7\u00e3o sobre a utiliza\u00e7\u00e3o respons\u00e1vel dos recursos energ\u00e9ticos e real\u00e7ar a necessidade de&hellip;","_links":{"self":[{"href":"https:\/\/conclusao.pt\/portal\/wp-json\/wp\/v2\/posts\/34876","targetHints":{"allow":["GET"]}}],"collection":[{"href":"https:\/\/conclusao.pt\/portal\/wp-json\/wp\/v2\/posts"}],"about":[{"href":"https:\/\/conclusao.pt\/portal\/wp-json\/wp\/v2\/types\/post"}],"author":[{"embeddable":true,"href":"https:\/\/conclusao.pt\/portal\/wp-json\/wp\/v2\/users\/4"}],"replies":[{"embeddable":true,"href":"https:\/\/conclusao.pt\/portal\/wp-json\/wp\/v2\/comments?post=34876"}],"version-history":[{"count":0,"href":"https:\/\/conclusao.pt\/portal\/wp-json\/wp\/v2\/posts\/34876\/revisions"}],"wp:featuredmedia":[{"embeddable":true,"href":"https:\/\/conclusao.pt\/portal\/wp-json\/wp\/v2\/media\/34877"}],"wp:attachment":[{"href":"https:\/\/conclusao.pt\/portal\/wp-json\/wp\/v2\/media?parent=34876"}],"wp:term":[{"taxonomy":"category","embeddable":true,"href":"https:\/\/conclusao.pt\/portal\/wp-json\/wp\/v2\/categories?post=34876"},{"taxonomy":"post_tag","embeddable":true,"href":"https:\/\/conclusao.pt\/portal\/wp-json\/wp\/v2\/tags?post=34876"}],"curies":[{"name":"wp","href":"https:\/\/api.w.org\/{rel}","templated":true}]}}