{"id":34773,"date":"2023-05-19T16:39:04","date_gmt":"2023-05-19T15:39:04","guid":{"rendered":"https:\/\/devconclusao.lojas-online.pt\/2023\/05\/19\/cursos-profissionais-8-2\/"},"modified":"2023-05-19T16:39:04","modified_gmt":"2023-05-19T15:39:04","slug":"cursos-profissionais-8-2","status":"publish","type":"post","link":"https:\/\/conclusao.pt\/portal\/2023\/05\/19\/cursos-profissionais-8-2\/","title":{"rendered":"Cursos Profissionais"},"content":{"rendered":"<p>A Conclus\u00e3o encontra-se a promover os seus cursos profissionais.<br \/>\n\u2022 Auxiliar de A\u00e7\u00e3o Educativa \u2013 in\u00edcio garantido<br \/>\n\u2022 Encarregado\/Chefe de Obra<br \/>\n\u2022 Auxiliar de Parafarm\u00e1cia \u2013 in\u00edcio garantido<br \/>\n\u2022 Marketing Digital<br \/>\n\u2022 Manuten\u00e7\u00e3o e Repara\u00e7\u00e3o de Computadores<br \/>\n\u2022 Profissional de Turismo<br \/>\n\u2022 Assistente Administrativo(a) \/ Rececionista<br \/>\n\u2022 Auxiliar de A\u00e7\u00e3o M\u00e9dica\/Sa\u00fade<br \/>\n\u2022 Assistente Clinica Dent\u00e1ria \u2013 in\u00edcio garantido<br \/>\n\u2022 T\u00e9cnico de Vendas<br \/>\n\u2022 Auxiliar de Fisioterapia<br \/>\n\u2022 Assistente de Contabilidade \u2013 in\u00edcio garantido<br \/>\n\u2022 Auxiliar de Veterin\u00e1ria<br \/>\n\u2022 Governanta de Hotel \/ Empregado(a) de Andares<br \/>\n\u2022 Forma\u00e7\u00e3o em Media\u00e7\u00e3o e Angaria\u00e7\u00e3o Imobili\u00e1ria<br \/>\n\u2022 T\u00e9cnico de Dire\u00e7\u00e3o e Gest\u00e3o do Desporto \u2013 in\u00edcio garantido<br \/>\n\u2022 Gest\u00e3o e Empreendedorismo<br \/>\nOs cursos est\u00e3o dispon\u00edveis em regime b-learning, com 120 horas de forma\u00e7\u00e3o te\u00f3rica, a decorrer na plataforma Moodle, e 240 horas de forma\u00e7\u00e3o pr\u00e1tica em contexto de trabalho (est\u00e1gio) numa empresa.<br \/>\nA forma\u00e7\u00e3o destina-se a indiv\u00edduos com idade igual ou superior a 18 anos, estudantes, ativos desempregados ou empregados que pretendam uma reconvers\u00e3o profissional ou criar condi\u00e7\u00f5es para novas oportunidades profissionais e possuam no m\u00ednimo o 9.\u00ba ano de escolaridade.<br \/>\nOs cursos pressup\u00f5em um investimento de 400 euros acrescido de 30 euros de taxa de inscri\u00e7\u00e3o e a possibilidade de pagamentos em mensalidades ajustadas \u00e0s necessidades dos seus clientes, sem acr\u00e9scimo de juros.<br \/>\nPara mais informa\u00e7\u00f5es e\/ou formaliza\u00e7\u00f5es contacte atrav\u00e9s do telefone 239 497 990, por e-mail cursos.profissionais@conclusao.pt ou atrav\u00e9s do site www.conclusao.pt.<\/p>\n","protected":false},"excerpt":{"rendered":"<p>A Conclus\u00e3o encontra-se a promover os seus cursos profissionais. \u2022 Auxiliar de A\u00e7\u00e3o Educativa \u2013 in\u00edcio garantido \u2022 Encarregado\/Chefe de Obra \u2022 Auxiliar de Parafarm\u00e1cia \u2013 in\u00edcio garantido \u2022 Marketing Digital \u2022 Manuten\u00e7\u00e3o e Repara\u00e7\u00e3o de Computadores \u2022 Profissional de Turismo \u2022 Assistente Administrativo(a) \/ Rececionista \u2022 Auxiliar de A\u00e7\u00e3o M\u00e9dica\/Sa\u00fade \u2022 Assistente Clinica Dent\u00e1ria &hellip;<\/p>\n<p class=\"read-more\"> <a class=\"\" href=\"https:\/\/conclusao.pt\/portal\/2023\/05\/19\/cursos-profissionais-8-2\/\"> <span class=\"screen-reader-text\">Cursos Profissionais<\/span> Read More &raquo;<\/a><\/p>\n","protected":false},"author":4,"featured_media":34570,"comment_status":"closed","ping_status":"closed","sticky":false,"template":"","format":"standard","meta":{"om_disable_all_campaigns":false,"_uag_custom_page_level_css":"","sfsi_plus_gutenberg_text_before_share":"","sfsi_plus_gutenberg_show_text_before_share":"","sfsi_plus_gutenberg_icon_type":"","sfsi_plus_gutenberg_icon_alignemt":"","sfsi_plus_gutenburg_max_per_row":"","site-sidebar-layout":"default","site-content-layout":"default","ast-global-header-display":"","ast-banner-title-visibility":"","ast-main-header-display":"","ast-hfb-above-header-display":"","ast-hfb-below-header-display":"","ast-hfb-mobile-header-display":"","site-post-title":"","ast-breadcrumbs-content":"","ast-featured-img":"","footer-sml-layout":"","theme-transparent-header-meta":"","adv-header-id-meta":"","stick-header-meta":"","header-above-stick-meta":"","header-main-stick-meta":"","header-below-stick-meta":"","_joinchat":[],"footnotes":""},"categories":[278,329],"tags":[],"class_list":["post-34773","post","type-post","status-publish","format-standard","has-post-thumbnail","hentry","category-destaques","category-noticias"],"yoast_head":"<!-- This site is optimized with the Yoast SEO plugin v26.5 - https:\/\/yoast.com\/wordpress\/plugins\/seo\/ -->\n<title>Cursos Profissionais - Conclus\u00e3o - Estudos e Forma\u00e7\u00e3o<\/title>\n<meta name=\"robots\" content=\"index, follow, max-snippet:-1, max-image-preview:large, max-video-preview:-1\" \/>\n<link rel=\"canonical\" href=\"https:\/\/conclusao.pt\/portal\/2023\/05\/19\/cursos-profissionais-8-2\/\" \/>\n<meta property=\"og:locale\" content=\"pt_PT\" \/>\n<meta property=\"og:type\" content=\"article\" \/>\n<meta property=\"og:title\" content=\"Cursos Profissionais - Conclus\u00e3o - Estudos e Forma\u00e7\u00e3o\" \/>\n<meta property=\"og:description\" content=\"A Conclus\u00e3o encontra-se a promover os seus cursos profissionais. \u2022 Auxiliar de A\u00e7\u00e3o Educativa \u2013 in\u00edcio garantido \u2022 Encarregado\/Chefe de Obra \u2022 Auxiliar de Parafarm\u00e1cia \u2013 in\u00edcio garantido \u2022 Marketing Digital \u2022 Manuten\u00e7\u00e3o e Repara\u00e7\u00e3o de Computadores \u2022 Profissional de Turismo \u2022 Assistente Administrativo(a) \/ Rececionista \u2022 Auxiliar de A\u00e7\u00e3o M\u00e9dica\/Sa\u00fade \u2022 Assistente Clinica Dent\u00e1ria &hellip; Cursos Profissionais Read More &raquo;\" \/>\n<meta property=\"og:url\" content=\"https:\/\/conclusao.pt\/portal\/2023\/05\/19\/cursos-profissionais-8-2\/\" \/>\n<meta property=\"og:site_name\" content=\"Conclus\u00e3o - Estudos e Forma\u00e7\u00e3o\" \/>\n<meta property=\"article:publisher\" content=\"https:\/\/www.facebook.com\/conclusaoformacao\/\" \/>\n<meta property=\"article:published_time\" content=\"2023-05-19T15:39:04+00:00\" \/>\n<meta property=\"og:image\" content=\"https:\/\/conclusao.pt\/portal\/wp-content\/uploads\/2023\/04\/Cursos-profissionais.jpeg\" \/>\n\t<meta property=\"og:image:width\" content=\"1080\" \/>\n\t<meta property=\"og:image:height\" content=\"1080\" \/>\n\t<meta property=\"og:image:type\" content=\"image\/jpeg\" \/>\n<meta name=\"author\" content=\"Comunicacao Edacademy\" \/>\n<meta name=\"twitter:card\" content=\"summary_large_image\" \/>\n<meta name=\"twitter:label1\" content=\"Escrito por\" \/>\n\t<meta name=\"twitter:data1\" content=\"Comunicacao Edacademy\" \/>\n\t<meta name=\"twitter:label2\" content=\"Tempo estimado de leitura\" \/>\n\t<meta name=\"twitter:data2\" content=\"1 minuto\" \/>\n<script type=\"application\/ld+json\" class=\"yoast-schema-graph\">{\"@context\":\"https:\/\/schema.org\",\"@graph\":[{\"@type\":\"Article\",\"@id\":\"https:\/\/conclusao.pt\/portal\/2023\/05\/19\/cursos-profissionais-8-2\/#article\",\"isPartOf\":{\"@id\":\"https:\/\/conclusao.pt\/portal\/2023\/05\/19\/cursos-profissionais-8-2\/\"},\"author\":{\"name\":\"Comunicacao Edacademy\",\"@id\":\"https:\/\/conclusao.pt\/portal\/#\/schema\/person\/09d7c4f492d68ca85d3d45e0a5f2d31d\"},\"headline\":\"Cursos Profissionais\",\"datePublished\":\"2023-05-19T15:39:04+00:00\",\"mainEntityOfPage\":{\"@id\":\"https:\/\/conclusao.pt\/portal\/2023\/05\/19\/cursos-profissionais-8-2\/\"},\"wordCount\":252,\"publisher\":{\"@id\":\"https:\/\/conclusao.pt\/portal\/#organization\"},\"image\":{\"@id\":\"https:\/\/conclusao.pt\/portal\/2023\/05\/19\/cursos-profissionais-8-2\/#primaryimage\"},\"thumbnailUrl\":\"https:\/\/conclusao.pt\/portal\/wp-content\/uploads\/2023\/04\/Cursos-profissionais.jpeg\",\"articleSection\":[\"Destaques\",\"Not\u00edcias\"],\"inLanguage\":\"pt-PT\"},{\"@type\":\"WebPage\",\"@id\":\"https:\/\/conclusao.pt\/portal\/2023\/05\/19\/cursos-profissionais-8-2\/\",\"url\":\"https:\/\/conclusao.pt\/portal\/2023\/05\/19\/cursos-profissionais-8-2\/\",\"name\":\"Cursos Profissionais - Conclus\u00e3o - Estudos e Forma\u00e7\u00e3o\",\"isPartOf\":{\"@id\":\"https:\/\/conclusao.pt\/portal\/#website\"},\"primaryImageOfPage\":{\"@id\":\"https:\/\/conclusao.pt\/portal\/2023\/05\/19\/cursos-profissionais-8-2\/#primaryimage\"},\"image\":{\"@id\":\"https:\/\/conclusao.pt\/portal\/2023\/05\/19\/cursos-profissionais-8-2\/#primaryimage\"},\"thumbnailUrl\":\"https:\/\/conclusao.pt\/portal\/wp-content\/uploads\/2023\/04\/Cursos-profissionais.jpeg\",\"datePublished\":\"2023-05-19T15:39:04+00:00\",\"breadcrumb\":{\"@id\":\"https:\/\/conclusao.pt\/portal\/2023\/05\/19\/cursos-profissionais-8-2\/#breadcrumb\"},\"inLanguage\":\"pt-PT\",\"potentialAction\":[{\"@type\":\"ReadAction\",\"target\":[\"https:\/\/conclusao.pt\/portal\/2023\/05\/19\/cursos-profissionais-8-2\/\"]}]},{\"@type\":\"ImageObject\",\"inLanguage\":\"pt-PT\",\"@id\":\"https:\/\/conclusao.pt\/portal\/2023\/05\/19\/cursos-profissionais-8-2\/#primaryimage\",\"url\":\"https:\/\/conclusao.pt\/portal\/wp-content\/uploads\/2023\/04\/Cursos-profissionais.jpeg\",\"contentUrl\":\"https:\/\/conclusao.pt\/portal\/wp-content\/uploads\/2023\/04\/Cursos-profissionais.jpeg\",\"width\":1080,\"height\":1080},{\"@type\":\"BreadcrumbList\",\"@id\":\"https:\/\/conclusao.pt\/portal\/2023\/05\/19\/cursos-profissionais-8-2\/#breadcrumb\",\"itemListElement\":[{\"@type\":\"ListItem\",\"position\":1,\"name\":\"In\u00edcio\",\"item\":\"https:\/\/conclusao.pt\/portal\/\"},{\"@type\":\"ListItem\",\"position\":2,\"name\":\"Cursos Profissionais\"}]},{\"@type\":\"WebSite\",\"@id\":\"https:\/\/conclusao.pt\/portal\/#website\",\"url\":\"https:\/\/conclusao.pt\/portal\/\",\"name\":\"Conclus\u00e3o - Estudos e Forma\u00e7\u00e3o\",\"description\":\"A Conclus\u00e3o \u2013 Estudos e Forma\u00e7\u00e3o, Lda \u00e9 uma empresa que iniciou a sua atividade em 1987, tendo ao longo dos anos especializado na promo\u00e7\u00e3o de cursos de forma\u00e7\u00e3o profissional, na elabora\u00e7\u00e3o estudos e projetos e no desenvolvimento de atividades de consultoria empresarial.\",\"publisher\":{\"@id\":\"https:\/\/conclusao.pt\/portal\/#organization\"},\"potentialAction\":[{\"@type\":\"SearchAction\",\"target\":{\"@type\":\"EntryPoint\",\"urlTemplate\":\"https:\/\/conclusao.pt\/portal\/?s={search_term_string}\"},\"query-input\":{\"@type\":\"PropertyValueSpecification\",\"valueRequired\":true,\"valueName\":\"search_term_string\"}}],\"inLanguage\":\"pt-PT\"},{\"@type\":\"Organization\",\"@id\":\"https:\/\/conclusao.pt\/portal\/#organization\",\"name\":\"Conclus\u00e3o - Estudos e Forma\u00e7\u00e3o\",\"url\":\"https:\/\/conclusao.pt\/portal\/\",\"logo\":{\"@type\":\"ImageObject\",\"inLanguage\":\"pt-PT\",\"@id\":\"https:\/\/conclusao.pt\/portal\/#\/schema\/logo\/image\/\",\"url\":\"https:\/\/conclusao.pt\/portal\/wp-content\/uploads\/2023\/09\/cropped-logotipo.png\",\"contentUrl\":\"https:\/\/conclusao.pt\/portal\/wp-content\/uploads\/2023\/09\/cropped-logotipo.png\",\"width\":200,\"height\":65,\"caption\":\"Conclus\u00e3o - Estudos e Forma\u00e7\u00e3o\"},\"image\":{\"@id\":\"https:\/\/conclusao.pt\/portal\/#\/schema\/logo\/image\/\"},\"sameAs\":[\"https:\/\/www.facebook.com\/conclusaoformacao\/\",\"https:\/\/www.instagram.com\/conclusaolda\/\",\"https:\/\/www.linkedin.com\/company\/conclusao\/\"]},{\"@type\":\"Person\",\"@id\":\"https:\/\/conclusao.pt\/portal\/#\/schema\/person\/09d7c4f492d68ca85d3d45e0a5f2d31d\",\"name\":\"Comunicacao Edacademy\",\"image\":{\"@type\":\"ImageObject\",\"inLanguage\":\"pt-PT\",\"@id\":\"https:\/\/conclusao.pt\/portal\/#\/schema\/person\/image\/\",\"url\":\"https:\/\/secure.gravatar.com\/avatar\/?s=96&d=mm&r=g\",\"contentUrl\":\"https:\/\/secure.gravatar.com\/avatar\/?s=96&d=mm&r=g\",\"caption\":\"Comunicacao Edacademy\"},\"url\":\"https:\/\/conclusao.pt\/portal\/author\/comunicacao-edacademy\/\"}]}<\/script>\n<!-- \/ Yoast SEO plugin. -->","yoast_head_json":{"title":"Cursos Profissionais - Conclus\u00e3o - Estudos e Forma\u00e7\u00e3o","robots":{"index":"index","follow":"follow","max-snippet":"max-snippet:-1","max-image-preview":"max-image-preview:large","max-video-preview":"max-video-preview:-1"},"canonical":"https:\/\/conclusao.pt\/portal\/2023\/05\/19\/cursos-profissionais-8-2\/","og_locale":"pt_PT","og_type":"article","og_title":"Cursos Profissionais - Conclus\u00e3o - Estudos e Forma\u00e7\u00e3o","og_description":"A Conclus\u00e3o encontra-se a promover os seus cursos profissionais. \u2022 Auxiliar de A\u00e7\u00e3o Educativa \u2013 in\u00edcio garantido \u2022 Encarregado\/Chefe de Obra \u2022 Auxiliar de Parafarm\u00e1cia \u2013 in\u00edcio garantido \u2022 Marketing Digital \u2022 Manuten\u00e7\u00e3o e Repara\u00e7\u00e3o de Computadores \u2022 Profissional de Turismo \u2022 Assistente Administrativo(a) \/ Rececionista \u2022 Auxiliar de A\u00e7\u00e3o M\u00e9dica\/Sa\u00fade \u2022 Assistente Clinica Dent\u00e1ria &hellip; Cursos Profissionais Read More &raquo;","og_url":"https:\/\/conclusao.pt\/portal\/2023\/05\/19\/cursos-profissionais-8-2\/","og_site_name":"Conclus\u00e3o - Estudos e Forma\u00e7\u00e3o","article_publisher":"https:\/\/www.facebook.com\/conclusaoformacao\/","article_published_time":"2023-05-19T15:39:04+00:00","og_image":[{"width":1080,"height":1080,"url":"https:\/\/conclusao.pt\/portal\/wp-content\/uploads\/2023\/04\/Cursos-profissionais.jpeg","type":"image\/jpeg"}],"author":"Comunicacao Edacademy","twitter_card":"summary_large_image","twitter_misc":{"Escrito por":"Comunicacao Edacademy","Tempo estimado de leitura":"1 minuto"},"schema":{"@context":"https:\/\/schema.org","@graph":[{"@type":"Article","@id":"https:\/\/conclusao.pt\/portal\/2023\/05\/19\/cursos-profissionais-8-2\/#article","isPartOf":{"@id":"https:\/\/conclusao.pt\/portal\/2023\/05\/19\/cursos-profissionais-8-2\/"},"author":{"name":"Comunicacao Edacademy","@id":"https:\/\/conclusao.pt\/portal\/#\/schema\/person\/09d7c4f492d68ca85d3d45e0a5f2d31d"},"headline":"Cursos Profissionais","datePublished":"2023-05-19T15:39:04+00:00","mainEntityOfPage":{"@id":"https:\/\/conclusao.pt\/portal\/2023\/05\/19\/cursos-profissionais-8-2\/"},"wordCount":252,"publisher":{"@id":"https:\/\/conclusao.pt\/portal\/#organization"},"image":{"@id":"https:\/\/conclusao.pt\/portal\/2023\/05\/19\/cursos-profissionais-8-2\/#primaryimage"},"thumbnailUrl":"https:\/\/conclusao.pt\/portal\/wp-content\/uploads\/2023\/04\/Cursos-profissionais.jpeg","articleSection":["Destaques","Not\u00edcias"],"inLanguage":"pt-PT"},{"@type":"WebPage","@id":"https:\/\/conclusao.pt\/portal\/2023\/05\/19\/cursos-profissionais-8-2\/","url":"https:\/\/conclusao.pt\/portal\/2023\/05\/19\/cursos-profissionais-8-2\/","name":"Cursos Profissionais - Conclus\u00e3o - Estudos e Forma\u00e7\u00e3o","isPartOf":{"@id":"https:\/\/conclusao.pt\/portal\/#website"},"primaryImageOfPage":{"@id":"https:\/\/conclusao.pt\/portal\/2023\/05\/19\/cursos-profissionais-8-2\/#primaryimage"},"image":{"@id":"https:\/\/conclusao.pt\/portal\/2023\/05\/19\/cursos-profissionais-8-2\/#primaryimage"},"thumbnailUrl":"https:\/\/conclusao.pt\/portal\/wp-content\/uploads\/2023\/04\/Cursos-profissionais.jpeg","datePublished":"2023-05-19T15:39:04+00:00","breadcrumb":{"@id":"https:\/\/conclusao.pt\/portal\/2023\/05\/19\/cursos-profissionais-8-2\/#breadcrumb"},"inLanguage":"pt-PT","potentialAction":[{"@type":"ReadAction","target":["https:\/\/conclusao.pt\/portal\/2023\/05\/19\/cursos-profissionais-8-2\/"]}]},{"@type":"ImageObject","inLanguage":"pt-PT","@id":"https:\/\/conclusao.pt\/portal\/2023\/05\/19\/cursos-profissionais-8-2\/#primaryimage","url":"https:\/\/conclusao.pt\/portal\/wp-content\/uploads\/2023\/04\/Cursos-profissionais.jpeg","contentUrl":"https:\/\/conclusao.pt\/portal\/wp-content\/uploads\/2023\/04\/Cursos-profissionais.jpeg","width":1080,"height":1080},{"@type":"BreadcrumbList","@id":"https:\/\/conclusao.pt\/portal\/2023\/05\/19\/cursos-profissionais-8-2\/#breadcrumb","itemListElement":[{"@type":"ListItem","position":1,"name":"In\u00edcio","item":"https:\/\/conclusao.pt\/portal\/"},{"@type":"ListItem","position":2,"name":"Cursos Profissionais"}]},{"@type":"WebSite","@id":"https:\/\/conclusao.pt\/portal\/#website","url":"https:\/\/conclusao.pt\/portal\/","name":"Conclus\u00e3o - Estudos e Forma\u00e7\u00e3o","description":"A Conclus\u00e3o \u2013 Estudos e Forma\u00e7\u00e3o, Lda \u00e9 uma empresa que iniciou a sua atividade em 1987, tendo ao longo dos anos especializado na promo\u00e7\u00e3o de cursos de forma\u00e7\u00e3o profissional, na elabora\u00e7\u00e3o estudos e projetos e no desenvolvimento de atividades de consultoria empresarial.","publisher":{"@id":"https:\/\/conclusao.pt\/portal\/#organization"},"potentialAction":[{"@type":"SearchAction","target":{"@type":"EntryPoint","urlTemplate":"https:\/\/conclusao.pt\/portal\/?s={search_term_string}"},"query-input":{"@type":"PropertyValueSpecification","valueRequired":true,"valueName":"search_term_string"}}],"inLanguage":"pt-PT"},{"@type":"Organization","@id":"https:\/\/conclusao.pt\/portal\/#organization","name":"Conclus\u00e3o - Estudos e Forma\u00e7\u00e3o","url":"https:\/\/conclusao.pt\/portal\/","logo":{"@type":"ImageObject","inLanguage":"pt-PT","@id":"https:\/\/conclusao.pt\/portal\/#\/schema\/logo\/image\/","url":"https:\/\/conclusao.pt\/portal\/wp-content\/uploads\/2023\/09\/cropped-logotipo.png","contentUrl":"https:\/\/conclusao.pt\/portal\/wp-content\/uploads\/2023\/09\/cropped-logotipo.png","width":200,"height":65,"caption":"Conclus\u00e3o - Estudos e Forma\u00e7\u00e3o"},"image":{"@id":"https:\/\/conclusao.pt\/portal\/#\/schema\/logo\/image\/"},"sameAs":["https:\/\/www.facebook.com\/conclusaoformacao\/","https:\/\/www.instagram.com\/conclusaolda\/","https:\/\/www.linkedin.com\/company\/conclusao\/"]},{"@type":"Person","@id":"https:\/\/conclusao.pt\/portal\/#\/schema\/person\/09d7c4f492d68ca85d3d45e0a5f2d31d","name":"Comunicacao Edacademy","image":{"@type":"ImageObject","inLanguage":"pt-PT","@id":"https:\/\/conclusao.pt\/portal\/#\/schema\/person\/image\/","url":"https:\/\/secure.gravatar.com\/avatar\/?s=96&d=mm&r=g","contentUrl":"https:\/\/secure.gravatar.com\/avatar\/?s=96&d=mm&r=g","caption":"Comunicacao Edacademy"},"url":"https:\/\/conclusao.pt\/portal\/author\/comunicacao-edacademy\/"}]}},"uagb_featured_image_src":{"full":["https:\/\/conclusao.pt\/portal\/wp-content\/uploads\/2023\/04\/Cursos-profissionais.jpeg",1080,1080,false],"thumbnail":["https:\/\/conclusao.pt\/portal\/wp-content\/uploads\/2023\/04\/Cursos-profissionais-150x150.jpeg",150,150,true],"medium":["https:\/\/conclusao.pt\/portal\/wp-content\/uploads\/2023\/04\/Cursos-profissionais-300x300.jpeg",300,300,true],"medium_large":["https:\/\/conclusao.pt\/portal\/wp-content\/uploads\/2023\/04\/Cursos-profissionais-768x768.jpeg",768,768,true],"large":["https:\/\/conclusao.pt\/portal\/wp-content\/uploads\/2023\/04\/Cursos-profissionais-1024x1024.jpeg",1024,1024,true],"1536x1536":["https:\/\/conclusao.pt\/portal\/wp-content\/uploads\/2023\/04\/Cursos-profissionais.jpeg",1080,1080,false],"2048x2048":["https:\/\/conclusao.pt\/portal\/wp-content\/uploads\/2023\/04\/Cursos-profissionais.jpeg",1080,1080,false],"woocommerce_thumbnail":["https:\/\/conclusao.pt\/portal\/wp-content\/uploads\/2023\/04\/Cursos-profissionais-300x300.jpeg",300,300,true],"woocommerce_single":["https:\/\/conclusao.pt\/portal\/wp-content\/uploads\/2023\/04\/Cursos-profissionais-600x600.jpeg",600,600,true],"woocommerce_gallery_thumbnail":["https:\/\/conclusao.pt\/portal\/wp-content\/uploads\/2023\/04\/Cursos-profissionais-100x100.jpeg",100,100,true]},"uagb_author_info":{"display_name":"Comunicacao Edacademy","author_link":"https:\/\/conclusao.pt\/portal\/author\/comunicacao-edacademy\/"},"uagb_comment_info":0,"uagb_excerpt":"A Conclus\u00e3o encontra-se a promover os seus cursos profissionais. \u2022 Auxiliar de A\u00e7\u00e3o Educativa \u2013 in\u00edcio garantido \u2022 Encarregado\/Chefe de Obra \u2022 Auxiliar de Parafarm\u00e1cia \u2013 in\u00edcio garantido \u2022 Marketing Digital \u2022 Manuten\u00e7\u00e3o e Repara\u00e7\u00e3o de Computadores \u2022 Profissional de Turismo \u2022 Assistente Administrativo(a) \/ Rececionista \u2022 Auxiliar de A\u00e7\u00e3o M\u00e9dica\/Sa\u00fade \u2022 Assistente Clinica Dent\u00e1ria&hellip;","_links":{"self":[{"href":"https:\/\/conclusao.pt\/portal\/wp-json\/wp\/v2\/posts\/34773","targetHints":{"allow":["GET"]}}],"collection":[{"href":"https:\/\/conclusao.pt\/portal\/wp-json\/wp\/v2\/posts"}],"about":[{"href":"https:\/\/conclusao.pt\/portal\/wp-json\/wp\/v2\/types\/post"}],"author":[{"embeddable":true,"href":"https:\/\/conclusao.pt\/portal\/wp-json\/wp\/v2\/users\/4"}],"replies":[{"embeddable":true,"href":"https:\/\/conclusao.pt\/portal\/wp-json\/wp\/v2\/comments?post=34773"}],"version-history":[{"count":0,"href":"https:\/\/conclusao.pt\/portal\/wp-json\/wp\/v2\/posts\/34773\/revisions"}],"wp:featuredmedia":[{"embeddable":true,"href":"https:\/\/conclusao.pt\/portal\/wp-json\/wp\/v2\/media\/34570"}],"wp:attachment":[{"href":"https:\/\/conclusao.pt\/portal\/wp-json\/wp\/v2\/media?parent=34773"}],"wp:term":[{"taxonomy":"category","embeddable":true,"href":"https:\/\/conclusao.pt\/portal\/wp-json\/wp\/v2\/categories?post=34773"},{"taxonomy":"post_tag","embeddable":true,"href":"https:\/\/conclusao.pt\/portal\/wp-json\/wp\/v2\/tags?post=34773"}],"curies":[{"name":"wp","href":"https:\/\/api.w.org\/{rel}","templated":true}]}}