{"id":34758,"date":"2023-05-18T18:21:57","date_gmt":"2023-05-18T17:21:57","guid":{"rendered":"https:\/\/devconclusao.lojas-online.pt\/2023\/05\/18\/e-formador-e-moodle-6\/"},"modified":"2023-05-18T18:21:57","modified_gmt":"2023-05-18T17:21:57","slug":"e-formador-e-moodle-6","status":"publish","type":"post","link":"https:\/\/conclusao.pt\/portal\/2023\/05\/18\/e-formador-e-moodle-6\/","title":{"rendered":"E-formador e Moodle"},"content":{"rendered":"<p>O curso de E-formador e Moodle arranca dia 17 de fevereiro tem como objetivo capacitar e auxiliar os formadores a planear, monitorar e avaliar projetos de cursos em formato E-Learning.<\/p>\n<p>Este curso \u00e9 para todos os formadores que pretendam adquirir novos conhecimentos. As tecnologias desencadeiam novas estrat\u00e9gias, m\u00e9todos, modelos e ferramentas de forma\u00e7\u00e3o e criam-se novas formas de aprendizagem mais f\u00e1ceis e acess\u00edveis aos formandos.<\/p>\n<p>O curso tem a dura\u00e7\u00e3o de 50h e decorre em regime e-learning, completamente a dist\u00e2ncia, na plataforma Moodle, o que permite ao e-formando aceder aos conte\u00fados do curso a qualquer hora do dia ou da noite, em fun\u00e7\u00e3o da sua disponibilidade e disposi\u00e7\u00e3o, tendo em aten\u00e7\u00e3o a data indicada como data final do curso. Ao longo do per\u00edodo de funcionamento do curso, o formando tem a possibilidade de efetuar o download de todos os materiais de forma\u00e7\u00e3o, elaborados pelo formador respons\u00e1vel.<\/p>\n<p>Acompanhe as tend\u00eancias pedag\u00f3gicas e comece a ministrar forma\u00e7\u00e3o \u00e0 dist\u00e2ncia. Melhore as suas compet\u00eancias no digital. Torne-se um E-Formador! Clique <a href=\\\"http:\/\/www.conclusao.pt\/lojaonline\/formacao-de-professores-e-formadores\/104-formacao-de-e-formador-e-moodle.html\\\">AQUI<\/a><\/p>\n<p>Mais informa\u00e7\u00f5es atrav\u00e9s do telefone 239 497 990, do email geral@conclusao.pt ou na Loja Online.<\/p>\n","protected":false},"excerpt":{"rendered":"<p>O curso de E-formador e Moodle arranca dia 17 de fevereiro tem como objetivo capacitar e auxiliar os formadores a planear, monitorar e avaliar projetos de cursos em formato E-Learning. Este curso \u00e9 para todos os formadores que pretendam adquirir novos conhecimentos. As tecnologias desencadeiam novas estrat\u00e9gias, m\u00e9todos, modelos e ferramentas de forma\u00e7\u00e3o e criam-se &hellip;<\/p>\n<p class=\"read-more\"> <a class=\"\" href=\"https:\/\/conclusao.pt\/portal\/2023\/05\/18\/e-formador-e-moodle-6\/\"> <span class=\"screen-reader-text\">E-formador e Moodle<\/span> Read More &raquo;<\/a><\/p>\n","protected":false},"author":4,"featured_media":33952,"comment_status":"closed","ping_status":"closed","sticky":false,"template":"","format":"standard","meta":{"om_disable_all_campaigns":false,"_uag_custom_page_level_css":"","sfsi_plus_gutenberg_text_before_share":"","sfsi_plus_gutenberg_show_text_before_share":"","sfsi_plus_gutenberg_icon_type":"","sfsi_plus_gutenberg_icon_alignemt":"","sfsi_plus_gutenburg_max_per_row":"","site-sidebar-layout":"default","site-content-layout":"default","ast-global-header-display":"","ast-banner-title-visibility":"","ast-main-header-display":"","ast-hfb-above-header-display":"","ast-hfb-below-header-display":"","ast-hfb-mobile-header-display":"","site-post-title":"","ast-breadcrumbs-content":"","ast-featured-img":"","footer-sml-layout":"","theme-transparent-header-meta":"","adv-header-id-meta":"","stick-header-meta":"","header-above-stick-meta":"","header-main-stick-meta":"","header-below-stick-meta":"","_joinchat":[],"footnotes":""},"categories":[278,329],"tags":[],"class_list":["post-34758","post","type-post","status-publish","format-standard","has-post-thumbnail","hentry","category-destaques","category-noticias"],"yoast_head":"<!-- This site is optimized with the Yoast SEO plugin v26.5 - https:\/\/yoast.com\/wordpress\/plugins\/seo\/ -->\n<title>E-formador e Moodle - Conclus\u00e3o - Estudos e Forma\u00e7\u00e3o<\/title>\n<meta name=\"robots\" content=\"index, follow, max-snippet:-1, max-image-preview:large, max-video-preview:-1\" \/>\n<link rel=\"canonical\" href=\"https:\/\/conclusao.pt\/portal\/2023\/05\/18\/e-formador-e-moodle-6\/\" \/>\n<meta property=\"og:locale\" content=\"pt_PT\" \/>\n<meta property=\"og:type\" content=\"article\" \/>\n<meta property=\"og:title\" content=\"E-formador e Moodle - Conclus\u00e3o - Estudos e Forma\u00e7\u00e3o\" \/>\n<meta property=\"og:description\" content=\"O curso de E-formador e Moodle arranca dia 17 de fevereiro tem como objetivo capacitar e auxiliar os formadores a planear, monitorar e avaliar projetos de cursos em formato E-Learning. Este curso \u00e9 para todos os formadores que pretendam adquirir novos conhecimentos. As tecnologias desencadeiam novas estrat\u00e9gias, m\u00e9todos, modelos e ferramentas de forma\u00e7\u00e3o e criam-se &hellip; E-formador e Moodle Read More &raquo;\" \/>\n<meta property=\"og:url\" content=\"https:\/\/conclusao.pt\/portal\/2023\/05\/18\/e-formador-e-moodle-6\/\" \/>\n<meta property=\"og:site_name\" content=\"Conclus\u00e3o - Estudos e Forma\u00e7\u00e3o\" \/>\n<meta property=\"article:publisher\" content=\"https:\/\/www.facebook.com\/conclusaoformacao\/\" \/>\n<meta property=\"article:published_time\" content=\"2023-05-18T17:21:57+00:00\" \/>\n<meta property=\"og:image\" content=\"https:\/\/conclusao.pt\/portal\/wp-content\/uploads\/2023\/01\/WhatsApp-Image-2023-01-06-at-15.26.55.jpeg\" \/>\n\t<meta property=\"og:image:width\" content=\"1600\" \/>\n\t<meta property=\"og:image:height\" content=\"1600\" \/>\n\t<meta property=\"og:image:type\" content=\"image\/jpeg\" \/>\n<meta name=\"author\" content=\"Comunicacao Edacademy\" \/>\n<meta name=\"twitter:card\" content=\"summary_large_image\" \/>\n<meta name=\"twitter:label1\" content=\"Escrito por\" \/>\n\t<meta name=\"twitter:data1\" content=\"Comunicacao Edacademy\" \/>\n\t<meta name=\"twitter:label2\" content=\"Tempo estimado de leitura\" \/>\n\t<meta name=\"twitter:data2\" content=\"1 minuto\" \/>\n<script type=\"application\/ld+json\" class=\"yoast-schema-graph\">{\"@context\":\"https:\/\/schema.org\",\"@graph\":[{\"@type\":\"Article\",\"@id\":\"https:\/\/conclusao.pt\/portal\/2023\/05\/18\/e-formador-e-moodle-6\/#article\",\"isPartOf\":{\"@id\":\"https:\/\/conclusao.pt\/portal\/2023\/05\/18\/e-formador-e-moodle-6\/\"},\"author\":{\"name\":\"Comunicacao Edacademy\",\"@id\":\"https:\/\/conclusao.pt\/portal\/#\/schema\/person\/09d7c4f492d68ca85d3d45e0a5f2d31d\"},\"headline\":\"E-formador e Moodle\",\"datePublished\":\"2023-05-18T17:21:57+00:00\",\"mainEntityOfPage\":{\"@id\":\"https:\/\/conclusao.pt\/portal\/2023\/05\/18\/e-formador-e-moodle-6\/\"},\"wordCount\":203,\"publisher\":{\"@id\":\"https:\/\/conclusao.pt\/portal\/#organization\"},\"image\":{\"@id\":\"https:\/\/conclusao.pt\/portal\/2023\/05\/18\/e-formador-e-moodle-6\/#primaryimage\"},\"thumbnailUrl\":\"https:\/\/conclusao.pt\/portal\/wp-content\/uploads\/2023\/01\/WhatsApp-Image-2023-01-06-at-15.26.55.jpeg\",\"articleSection\":[\"Destaques\",\"Not\u00edcias\"],\"inLanguage\":\"pt-PT\"},{\"@type\":\"WebPage\",\"@id\":\"https:\/\/conclusao.pt\/portal\/2023\/05\/18\/e-formador-e-moodle-6\/\",\"url\":\"https:\/\/conclusao.pt\/portal\/2023\/05\/18\/e-formador-e-moodle-6\/\",\"name\":\"E-formador e Moodle - Conclus\u00e3o - Estudos e Forma\u00e7\u00e3o\",\"isPartOf\":{\"@id\":\"https:\/\/conclusao.pt\/portal\/#website\"},\"primaryImageOfPage\":{\"@id\":\"https:\/\/conclusao.pt\/portal\/2023\/05\/18\/e-formador-e-moodle-6\/#primaryimage\"},\"image\":{\"@id\":\"https:\/\/conclusao.pt\/portal\/2023\/05\/18\/e-formador-e-moodle-6\/#primaryimage\"},\"thumbnailUrl\":\"https:\/\/conclusao.pt\/portal\/wp-content\/uploads\/2023\/01\/WhatsApp-Image-2023-01-06-at-15.26.55.jpeg\",\"datePublished\":\"2023-05-18T17:21:57+00:00\",\"breadcrumb\":{\"@id\":\"https:\/\/conclusao.pt\/portal\/2023\/05\/18\/e-formador-e-moodle-6\/#breadcrumb\"},\"inLanguage\":\"pt-PT\",\"potentialAction\":[{\"@type\":\"ReadAction\",\"target\":[\"https:\/\/conclusao.pt\/portal\/2023\/05\/18\/e-formador-e-moodle-6\/\"]}]},{\"@type\":\"ImageObject\",\"inLanguage\":\"pt-PT\",\"@id\":\"https:\/\/conclusao.pt\/portal\/2023\/05\/18\/e-formador-e-moodle-6\/#primaryimage\",\"url\":\"https:\/\/conclusao.pt\/portal\/wp-content\/uploads\/2023\/01\/WhatsApp-Image-2023-01-06-at-15.26.55.jpeg\",\"contentUrl\":\"https:\/\/conclusao.pt\/portal\/wp-content\/uploads\/2023\/01\/WhatsApp-Image-2023-01-06-at-15.26.55.jpeg\",\"width\":1600,\"height\":1600},{\"@type\":\"BreadcrumbList\",\"@id\":\"https:\/\/conclusao.pt\/portal\/2023\/05\/18\/e-formador-e-moodle-6\/#breadcrumb\",\"itemListElement\":[{\"@type\":\"ListItem\",\"position\":1,\"name\":\"In\u00edcio\",\"item\":\"https:\/\/conclusao.pt\/portal\/\"},{\"@type\":\"ListItem\",\"position\":2,\"name\":\"E-formador e Moodle\"}]},{\"@type\":\"WebSite\",\"@id\":\"https:\/\/conclusao.pt\/portal\/#website\",\"url\":\"https:\/\/conclusao.pt\/portal\/\",\"name\":\"Conclus\u00e3o - Estudos e Forma\u00e7\u00e3o\",\"description\":\"A Conclus\u00e3o \u2013 Estudos e Forma\u00e7\u00e3o, Lda \u00e9 uma empresa que iniciou a sua atividade em 1987, tendo ao longo dos anos especializado na promo\u00e7\u00e3o de cursos de forma\u00e7\u00e3o profissional, na elabora\u00e7\u00e3o estudos e projetos e no desenvolvimento de atividades de consultoria empresarial.\",\"publisher\":{\"@id\":\"https:\/\/conclusao.pt\/portal\/#organization\"},\"potentialAction\":[{\"@type\":\"SearchAction\",\"target\":{\"@type\":\"EntryPoint\",\"urlTemplate\":\"https:\/\/conclusao.pt\/portal\/?s={search_term_string}\"},\"query-input\":{\"@type\":\"PropertyValueSpecification\",\"valueRequired\":true,\"valueName\":\"search_term_string\"}}],\"inLanguage\":\"pt-PT\"},{\"@type\":\"Organization\",\"@id\":\"https:\/\/conclusao.pt\/portal\/#organization\",\"name\":\"Conclus\u00e3o - Estudos e Forma\u00e7\u00e3o\",\"url\":\"https:\/\/conclusao.pt\/portal\/\",\"logo\":{\"@type\":\"ImageObject\",\"inLanguage\":\"pt-PT\",\"@id\":\"https:\/\/conclusao.pt\/portal\/#\/schema\/logo\/image\/\",\"url\":\"https:\/\/conclusao.pt\/portal\/wp-content\/uploads\/2023\/09\/cropped-logotipo.png\",\"contentUrl\":\"https:\/\/conclusao.pt\/portal\/wp-content\/uploads\/2023\/09\/cropped-logotipo.png\",\"width\":200,\"height\":65,\"caption\":\"Conclus\u00e3o - Estudos e Forma\u00e7\u00e3o\"},\"image\":{\"@id\":\"https:\/\/conclusao.pt\/portal\/#\/schema\/logo\/image\/\"},\"sameAs\":[\"https:\/\/www.facebook.com\/conclusaoformacao\/\",\"https:\/\/www.instagram.com\/conclusaolda\/\",\"https:\/\/www.linkedin.com\/company\/conclusao\/\"]},{\"@type\":\"Person\",\"@id\":\"https:\/\/conclusao.pt\/portal\/#\/schema\/person\/09d7c4f492d68ca85d3d45e0a5f2d31d\",\"name\":\"Comunicacao Edacademy\",\"image\":{\"@type\":\"ImageObject\",\"inLanguage\":\"pt-PT\",\"@id\":\"https:\/\/conclusao.pt\/portal\/#\/schema\/person\/image\/\",\"url\":\"https:\/\/secure.gravatar.com\/avatar\/?s=96&d=mm&r=g\",\"contentUrl\":\"https:\/\/secure.gravatar.com\/avatar\/?s=96&d=mm&r=g\",\"caption\":\"Comunicacao Edacademy\"},\"url\":\"https:\/\/conclusao.pt\/portal\/author\/comunicacao-edacademy\/\"}]}<\/script>\n<!-- \/ Yoast SEO plugin. -->","yoast_head_json":{"title":"E-formador e Moodle - Conclus\u00e3o - Estudos e Forma\u00e7\u00e3o","robots":{"index":"index","follow":"follow","max-snippet":"max-snippet:-1","max-image-preview":"max-image-preview:large","max-video-preview":"max-video-preview:-1"},"canonical":"https:\/\/conclusao.pt\/portal\/2023\/05\/18\/e-formador-e-moodle-6\/","og_locale":"pt_PT","og_type":"article","og_title":"E-formador e Moodle - Conclus\u00e3o - Estudos e Forma\u00e7\u00e3o","og_description":"O curso de E-formador e Moodle arranca dia 17 de fevereiro tem como objetivo capacitar e auxiliar os formadores a planear, monitorar e avaliar projetos de cursos em formato E-Learning. Este curso \u00e9 para todos os formadores que pretendam adquirir novos conhecimentos. As tecnologias desencadeiam novas estrat\u00e9gias, m\u00e9todos, modelos e ferramentas de forma\u00e7\u00e3o e criam-se &hellip; E-formador e Moodle Read More &raquo;","og_url":"https:\/\/conclusao.pt\/portal\/2023\/05\/18\/e-formador-e-moodle-6\/","og_site_name":"Conclus\u00e3o - Estudos e Forma\u00e7\u00e3o","article_publisher":"https:\/\/www.facebook.com\/conclusaoformacao\/","article_published_time":"2023-05-18T17:21:57+00:00","og_image":[{"width":1600,"height":1600,"url":"https:\/\/conclusao.pt\/portal\/wp-content\/uploads\/2023\/01\/WhatsApp-Image-2023-01-06-at-15.26.55.jpeg","type":"image\/jpeg"}],"author":"Comunicacao Edacademy","twitter_card":"summary_large_image","twitter_misc":{"Escrito por":"Comunicacao Edacademy","Tempo estimado de leitura":"1 minuto"},"schema":{"@context":"https:\/\/schema.org","@graph":[{"@type":"Article","@id":"https:\/\/conclusao.pt\/portal\/2023\/05\/18\/e-formador-e-moodle-6\/#article","isPartOf":{"@id":"https:\/\/conclusao.pt\/portal\/2023\/05\/18\/e-formador-e-moodle-6\/"},"author":{"name":"Comunicacao Edacademy","@id":"https:\/\/conclusao.pt\/portal\/#\/schema\/person\/09d7c4f492d68ca85d3d45e0a5f2d31d"},"headline":"E-formador e Moodle","datePublished":"2023-05-18T17:21:57+00:00","mainEntityOfPage":{"@id":"https:\/\/conclusao.pt\/portal\/2023\/05\/18\/e-formador-e-moodle-6\/"},"wordCount":203,"publisher":{"@id":"https:\/\/conclusao.pt\/portal\/#organization"},"image":{"@id":"https:\/\/conclusao.pt\/portal\/2023\/05\/18\/e-formador-e-moodle-6\/#primaryimage"},"thumbnailUrl":"https:\/\/conclusao.pt\/portal\/wp-content\/uploads\/2023\/01\/WhatsApp-Image-2023-01-06-at-15.26.55.jpeg","articleSection":["Destaques","Not\u00edcias"],"inLanguage":"pt-PT"},{"@type":"WebPage","@id":"https:\/\/conclusao.pt\/portal\/2023\/05\/18\/e-formador-e-moodle-6\/","url":"https:\/\/conclusao.pt\/portal\/2023\/05\/18\/e-formador-e-moodle-6\/","name":"E-formador e Moodle - Conclus\u00e3o - Estudos e Forma\u00e7\u00e3o","isPartOf":{"@id":"https:\/\/conclusao.pt\/portal\/#website"},"primaryImageOfPage":{"@id":"https:\/\/conclusao.pt\/portal\/2023\/05\/18\/e-formador-e-moodle-6\/#primaryimage"},"image":{"@id":"https:\/\/conclusao.pt\/portal\/2023\/05\/18\/e-formador-e-moodle-6\/#primaryimage"},"thumbnailUrl":"https:\/\/conclusao.pt\/portal\/wp-content\/uploads\/2023\/01\/WhatsApp-Image-2023-01-06-at-15.26.55.jpeg","datePublished":"2023-05-18T17:21:57+00:00","breadcrumb":{"@id":"https:\/\/conclusao.pt\/portal\/2023\/05\/18\/e-formador-e-moodle-6\/#breadcrumb"},"inLanguage":"pt-PT","potentialAction":[{"@type":"ReadAction","target":["https:\/\/conclusao.pt\/portal\/2023\/05\/18\/e-formador-e-moodle-6\/"]}]},{"@type":"ImageObject","inLanguage":"pt-PT","@id":"https:\/\/conclusao.pt\/portal\/2023\/05\/18\/e-formador-e-moodle-6\/#primaryimage","url":"https:\/\/conclusao.pt\/portal\/wp-content\/uploads\/2023\/01\/WhatsApp-Image-2023-01-06-at-15.26.55.jpeg","contentUrl":"https:\/\/conclusao.pt\/portal\/wp-content\/uploads\/2023\/01\/WhatsApp-Image-2023-01-06-at-15.26.55.jpeg","width":1600,"height":1600},{"@type":"BreadcrumbList","@id":"https:\/\/conclusao.pt\/portal\/2023\/05\/18\/e-formador-e-moodle-6\/#breadcrumb","itemListElement":[{"@type":"ListItem","position":1,"name":"In\u00edcio","item":"https:\/\/conclusao.pt\/portal\/"},{"@type":"ListItem","position":2,"name":"E-formador e Moodle"}]},{"@type":"WebSite","@id":"https:\/\/conclusao.pt\/portal\/#website","url":"https:\/\/conclusao.pt\/portal\/","name":"Conclus\u00e3o - Estudos e Forma\u00e7\u00e3o","description":"A Conclus\u00e3o \u2013 Estudos e Forma\u00e7\u00e3o, Lda \u00e9 uma empresa que iniciou a sua atividade em 1987, tendo ao longo dos anos especializado na promo\u00e7\u00e3o de cursos de forma\u00e7\u00e3o profissional, na elabora\u00e7\u00e3o estudos e projetos e no desenvolvimento de atividades de consultoria empresarial.","publisher":{"@id":"https:\/\/conclusao.pt\/portal\/#organization"},"potentialAction":[{"@type":"SearchAction","target":{"@type":"EntryPoint","urlTemplate":"https:\/\/conclusao.pt\/portal\/?s={search_term_string}"},"query-input":{"@type":"PropertyValueSpecification","valueRequired":true,"valueName":"search_term_string"}}],"inLanguage":"pt-PT"},{"@type":"Organization","@id":"https:\/\/conclusao.pt\/portal\/#organization","name":"Conclus\u00e3o - Estudos e Forma\u00e7\u00e3o","url":"https:\/\/conclusao.pt\/portal\/","logo":{"@type":"ImageObject","inLanguage":"pt-PT","@id":"https:\/\/conclusao.pt\/portal\/#\/schema\/logo\/image\/","url":"https:\/\/conclusao.pt\/portal\/wp-content\/uploads\/2023\/09\/cropped-logotipo.png","contentUrl":"https:\/\/conclusao.pt\/portal\/wp-content\/uploads\/2023\/09\/cropped-logotipo.png","width":200,"height":65,"caption":"Conclus\u00e3o - Estudos e Forma\u00e7\u00e3o"},"image":{"@id":"https:\/\/conclusao.pt\/portal\/#\/schema\/logo\/image\/"},"sameAs":["https:\/\/www.facebook.com\/conclusaoformacao\/","https:\/\/www.instagram.com\/conclusaolda\/","https:\/\/www.linkedin.com\/company\/conclusao\/"]},{"@type":"Person","@id":"https:\/\/conclusao.pt\/portal\/#\/schema\/person\/09d7c4f492d68ca85d3d45e0a5f2d31d","name":"Comunicacao Edacademy","image":{"@type":"ImageObject","inLanguage":"pt-PT","@id":"https:\/\/conclusao.pt\/portal\/#\/schema\/person\/image\/","url":"https:\/\/secure.gravatar.com\/avatar\/?s=96&d=mm&r=g","contentUrl":"https:\/\/secure.gravatar.com\/avatar\/?s=96&d=mm&r=g","caption":"Comunicacao Edacademy"},"url":"https:\/\/conclusao.pt\/portal\/author\/comunicacao-edacademy\/"}]}},"uagb_featured_image_src":{"full":["https:\/\/conclusao.pt\/portal\/wp-content\/uploads\/2023\/01\/WhatsApp-Image-2023-01-06-at-15.26.55.jpeg",1600,1600,false],"thumbnail":["https:\/\/conclusao.pt\/portal\/wp-content\/uploads\/2023\/01\/WhatsApp-Image-2023-01-06-at-15.26.55-150x150.jpeg",150,150,true],"medium":["https:\/\/conclusao.pt\/portal\/wp-content\/uploads\/2023\/01\/WhatsApp-Image-2023-01-06-at-15.26.55-300x300.jpeg",300,300,true],"medium_large":["https:\/\/conclusao.pt\/portal\/wp-content\/uploads\/2023\/01\/WhatsApp-Image-2023-01-06-at-15.26.55-768x768.jpeg",768,768,true],"large":["https:\/\/conclusao.pt\/portal\/wp-content\/uploads\/2023\/01\/WhatsApp-Image-2023-01-06-at-15.26.55-1024x1024.jpeg",1024,1024,true],"1536x1536":["https:\/\/conclusao.pt\/portal\/wp-content\/uploads\/2023\/01\/WhatsApp-Image-2023-01-06-at-15.26.55-1536x1536.jpeg",1536,1536,true],"2048x2048":["https:\/\/conclusao.pt\/portal\/wp-content\/uploads\/2023\/01\/WhatsApp-Image-2023-01-06-at-15.26.55.jpeg",1600,1600,false],"woocommerce_thumbnail":["https:\/\/conclusao.pt\/portal\/wp-content\/uploads\/2023\/01\/WhatsApp-Image-2023-01-06-at-15.26.55-300x300.jpeg",300,300,true],"woocommerce_single":["https:\/\/conclusao.pt\/portal\/wp-content\/uploads\/2023\/01\/WhatsApp-Image-2023-01-06-at-15.26.55-600x600.jpeg",600,600,true],"woocommerce_gallery_thumbnail":["https:\/\/conclusao.pt\/portal\/wp-content\/uploads\/2023\/01\/WhatsApp-Image-2023-01-06-at-15.26.55-100x100.jpeg",100,100,true]},"uagb_author_info":{"display_name":"Comunicacao Edacademy","author_link":"https:\/\/conclusao.pt\/portal\/author\/comunicacao-edacademy\/"},"uagb_comment_info":0,"uagb_excerpt":"O curso de E-formador e Moodle arranca dia 17 de fevereiro tem como objetivo capacitar e auxiliar os formadores a planear, monitorar e avaliar projetos de cursos em formato E-Learning. Este curso \u00e9 para todos os formadores que pretendam adquirir novos conhecimentos. As tecnologias desencadeiam novas estrat\u00e9gias, m\u00e9todos, modelos e ferramentas de forma\u00e7\u00e3o e criam-se&hellip;","_links":{"self":[{"href":"https:\/\/conclusao.pt\/portal\/wp-json\/wp\/v2\/posts\/34758","targetHints":{"allow":["GET"]}}],"collection":[{"href":"https:\/\/conclusao.pt\/portal\/wp-json\/wp\/v2\/posts"}],"about":[{"href":"https:\/\/conclusao.pt\/portal\/wp-json\/wp\/v2\/types\/post"}],"author":[{"embeddable":true,"href":"https:\/\/conclusao.pt\/portal\/wp-json\/wp\/v2\/users\/4"}],"replies":[{"embeddable":true,"href":"https:\/\/conclusao.pt\/portal\/wp-json\/wp\/v2\/comments?post=34758"}],"version-history":[{"count":0,"href":"https:\/\/conclusao.pt\/portal\/wp-json\/wp\/v2\/posts\/34758\/revisions"}],"wp:featuredmedia":[{"embeddable":true,"href":"https:\/\/conclusao.pt\/portal\/wp-json\/wp\/v2\/media\/33952"}],"wp:attachment":[{"href":"https:\/\/conclusao.pt\/portal\/wp-json\/wp\/v2\/media?parent=34758"}],"wp:term":[{"taxonomy":"category","embeddable":true,"href":"https:\/\/conclusao.pt\/portal\/wp-json\/wp\/v2\/categories?post=34758"},{"taxonomy":"post_tag","embeddable":true,"href":"https:\/\/conclusao.pt\/portal\/wp-json\/wp\/v2\/tags?post=34758"}],"curies":[{"name":"wp","href":"https:\/\/api.w.org\/{rel}","templated":true}]}}