{"id":34752,"date":"2023-05-17T15:12:35","date_gmt":"2023-05-17T14:12:35","guid":{"rendered":"https:\/\/devconclusao.lojas-online.pt\/2023\/05\/17\/formacao-pedagogica-inicial-de-formadores-9\/"},"modified":"2023-05-17T15:12:35","modified_gmt":"2023-05-17T14:12:35","slug":"formacao-pedagogica-inicial-de-formadores-9","status":"publish","type":"post","link":"https:\/\/conclusao.pt\/portal\/2023\/05\/17\/formacao-pedagogica-inicial-de-formadores-9\/","title":{"rendered":"Forma\u00e7\u00e3o Pedag\u00f3gica Inicial de Formadores"},"content":{"rendered":"<p>Se pretende adquirir o CCP (Certificado de Compet\u00eancias Pedag\u00f3gicas), ser um formador certificado e desempenhar um papel fulcral de orientar e dirigir uma turma de formandos, proporcionando o desenvolvimento de compet\u00eancias espec\u00edficas relacionadas a uma \u00e1rea, a Conclus\u00e3o \u00e9 o local indicado.<br \/>\nA forma\u00e7\u00e3o ser\u00e1 realizada em regime b-learning e em hor\u00e1rio p\u00f3s-laboral. A totalidade de horas integra 34h presenciais, 7h de sess\u00f5es s\u00edncronas e 49h de sess\u00f5es ass\u00edncronas. Destina-se a indiv\u00edduos com o 9\u00ba ano de escolaridade, no m\u00ednimo e aborda tem\u00e1ticas como Comunica\u00e7\u00e3o e Dinamiza\u00e7\u00e3o de Grupos em Forma\u00e7\u00e3o, Metodologias e Estrat\u00e9gias Pedag\u00f3gicas, Recursos Did\u00e1ticos e Multim\u00e9dia e Plataformas Colaborativas e de Aprendizagem, entre outras.<br \/>\nFa\u00e7a a inscri\u00e7\u00e3o <a href=\\\"https:\/\/conclusao.pt\/portal\/formacao\/formacao-nao-financiada\/#_tab-433df7eec4984128bac\\\">aqui<\/a><br \/>\nPara mais informa\u00e7\u00f5es ligue 239 497 990 ou envie e-mail para geral@conclusao.pt.<\/p>\n<p>Datas previstas para in\u00edcio:<\/p>\n<ul>\n<li>Coimbra &#8211; 19 de maio<\/li>\n<li>Seia &#8211; 23 de maio<\/li>\n<li>Figueira da Foz &#8211; 23 de maio<\/li>\n<li>Castelo Branco &#8211; 24 de maio<\/li>\n<li>Covilh\u00e3 &#8211; 25 de maio<\/li>\n<li>Leiria &#8211; 29 de maio<\/li>\n<li>\u00c1gueda &#8211; 30 de maio<\/li>\n<li>Aveiro &#8211; 30 de maio<\/li>\n<li>Viseu &#8211; 30 de maio<\/li>\n<li>Guarda &#8211; 31 de maio<\/li>\n<li>Lisboa &#8211; 31 de maio<\/li>\n<\/ul>\n<p>&nbsp;<\/p>\n<p>&nbsp;<\/p>\n<p>&nbsp;<\/p>\n","protected":false},"excerpt":{"rendered":"<p>Se pretende adquirir o CCP (Certificado de Compet\u00eancias Pedag\u00f3gicas), ser um formador certificado e desempenhar um papel fulcral de orientar e dirigir uma turma de formandos, proporcionando o desenvolvimento de compet\u00eancias espec\u00edficas relacionadas a uma \u00e1rea, a Conclus\u00e3o \u00e9 o local indicado. A forma\u00e7\u00e3o ser\u00e1 realizada em regime b-learning e em hor\u00e1rio p\u00f3s-laboral. A totalidade &hellip;<\/p>\n<p class=\"read-more\"> <a class=\"\" href=\"https:\/\/conclusao.pt\/portal\/2023\/05\/17\/formacao-pedagogica-inicial-de-formadores-9\/\"> <span class=\"screen-reader-text\">Forma\u00e7\u00e3o Pedag\u00f3gica Inicial de Formadores<\/span> Read More &raquo;<\/a><\/p>\n","protected":false},"author":4,"featured_media":34593,"comment_status":"closed","ping_status":"closed","sticky":false,"template":"","format":"standard","meta":{"om_disable_all_campaigns":false,"_uag_custom_page_level_css":"","sfsi_plus_gutenberg_text_before_share":"","sfsi_plus_gutenberg_show_text_before_share":"","sfsi_plus_gutenberg_icon_type":"","sfsi_plus_gutenberg_icon_alignemt":"","sfsi_plus_gutenburg_max_per_row":"","site-sidebar-layout":"default","site-content-layout":"default","ast-global-header-display":"","ast-banner-title-visibility":"","ast-main-header-display":"","ast-hfb-above-header-display":"","ast-hfb-below-header-display":"","ast-hfb-mobile-header-display":"","site-post-title":"","ast-breadcrumbs-content":"","ast-featured-img":"","footer-sml-layout":"","theme-transparent-header-meta":"","adv-header-id-meta":"","stick-header-meta":"","header-above-stick-meta":"","header-main-stick-meta":"","header-below-stick-meta":"","_joinchat":[],"footnotes":""},"categories":[278,329],"tags":[],"class_list":["post-34752","post","type-post","status-publish","format-standard","has-post-thumbnail","hentry","category-destaques","category-noticias"],"yoast_head":"<!-- This site is optimized with the Yoast SEO plugin v26.5 - https:\/\/yoast.com\/wordpress\/plugins\/seo\/ -->\n<title>Forma\u00e7\u00e3o Pedag\u00f3gica Inicial de Formadores - Conclus\u00e3o - Estudos e Forma\u00e7\u00e3o<\/title>\n<meta name=\"robots\" content=\"index, follow, max-snippet:-1, max-image-preview:large, max-video-preview:-1\" \/>\n<link rel=\"canonical\" href=\"https:\/\/conclusao.pt\/portal\/2023\/05\/17\/formacao-pedagogica-inicial-de-formadores-9\/\" \/>\n<meta property=\"og:locale\" content=\"pt_PT\" \/>\n<meta property=\"og:type\" content=\"article\" \/>\n<meta property=\"og:title\" content=\"Forma\u00e7\u00e3o Pedag\u00f3gica Inicial de Formadores - Conclus\u00e3o - Estudos e Forma\u00e7\u00e3o\" \/>\n<meta property=\"og:description\" content=\"Se pretende adquirir o CCP (Certificado de Compet\u00eancias Pedag\u00f3gicas), ser um formador certificado e desempenhar um papel fulcral de orientar e dirigir uma turma de formandos, proporcionando o desenvolvimento de compet\u00eancias espec\u00edficas relacionadas a uma \u00e1rea, a Conclus\u00e3o \u00e9 o local indicado. A forma\u00e7\u00e3o ser\u00e1 realizada em regime b-learning e em hor\u00e1rio p\u00f3s-laboral. A totalidade &hellip; Forma\u00e7\u00e3o Pedag\u00f3gica Inicial de Formadores Read More &raquo;\" \/>\n<meta property=\"og:url\" content=\"https:\/\/conclusao.pt\/portal\/2023\/05\/17\/formacao-pedagogica-inicial-de-formadores-9\/\" \/>\n<meta property=\"og:site_name\" content=\"Conclus\u00e3o - Estudos e Forma\u00e7\u00e3o\" \/>\n<meta property=\"article:publisher\" content=\"https:\/\/www.facebook.com\/conclusaoformacao\/\" \/>\n<meta property=\"article:published_time\" content=\"2023-05-17T14:12:35+00:00\" \/>\n<meta property=\"og:image\" content=\"https:\/\/conclusao.pt\/portal\/wp-content\/uploads\/2023\/04\/WhatsApp-Image-2023-04-18-at-16.11.25.jpeg\" \/>\n\t<meta property=\"og:image:width\" content=\"1600\" \/>\n\t<meta property=\"og:image:height\" content=\"1600\" \/>\n\t<meta property=\"og:image:type\" content=\"image\/jpeg\" \/>\n<meta name=\"author\" content=\"Comunicacao Edacademy\" \/>\n<meta name=\"twitter:card\" content=\"summary_large_image\" \/>\n<meta name=\"twitter:label1\" content=\"Escrito por\" \/>\n\t<meta name=\"twitter:data1\" content=\"Comunicacao Edacademy\" \/>\n\t<meta name=\"twitter:label2\" content=\"Tempo estimado de leitura\" \/>\n\t<meta name=\"twitter:data2\" content=\"1 minuto\" \/>\n<script type=\"application\/ld+json\" class=\"yoast-schema-graph\">{\"@context\":\"https:\/\/schema.org\",\"@graph\":[{\"@type\":\"Article\",\"@id\":\"https:\/\/conclusao.pt\/portal\/2023\/05\/17\/formacao-pedagogica-inicial-de-formadores-9\/#article\",\"isPartOf\":{\"@id\":\"https:\/\/conclusao.pt\/portal\/2023\/05\/17\/formacao-pedagogica-inicial-de-formadores-9\/\"},\"author\":{\"name\":\"Comunicacao Edacademy\",\"@id\":\"https:\/\/conclusao.pt\/portal\/#\/schema\/person\/09d7c4f492d68ca85d3d45e0a5f2d31d\"},\"headline\":\"Forma\u00e7\u00e3o Pedag\u00f3gica Inicial de Formadores\",\"datePublished\":\"2023-05-17T14:12:35+00:00\",\"mainEntityOfPage\":{\"@id\":\"https:\/\/conclusao.pt\/portal\/2023\/05\/17\/formacao-pedagogica-inicial-de-formadores-9\/\"},\"wordCount\":207,\"publisher\":{\"@id\":\"https:\/\/conclusao.pt\/portal\/#organization\"},\"image\":{\"@id\":\"https:\/\/conclusao.pt\/portal\/2023\/05\/17\/formacao-pedagogica-inicial-de-formadores-9\/#primaryimage\"},\"thumbnailUrl\":\"https:\/\/conclusao.pt\/portal\/wp-content\/uploads\/2023\/04\/WhatsApp-Image-2023-04-18-at-16.11.25.jpeg\",\"articleSection\":[\"Destaques\",\"Not\u00edcias\"],\"inLanguage\":\"pt-PT\"},{\"@type\":\"WebPage\",\"@id\":\"https:\/\/conclusao.pt\/portal\/2023\/05\/17\/formacao-pedagogica-inicial-de-formadores-9\/\",\"url\":\"https:\/\/conclusao.pt\/portal\/2023\/05\/17\/formacao-pedagogica-inicial-de-formadores-9\/\",\"name\":\"Forma\u00e7\u00e3o Pedag\u00f3gica Inicial de Formadores - Conclus\u00e3o - Estudos e Forma\u00e7\u00e3o\",\"isPartOf\":{\"@id\":\"https:\/\/conclusao.pt\/portal\/#website\"},\"primaryImageOfPage\":{\"@id\":\"https:\/\/conclusao.pt\/portal\/2023\/05\/17\/formacao-pedagogica-inicial-de-formadores-9\/#primaryimage\"},\"image\":{\"@id\":\"https:\/\/conclusao.pt\/portal\/2023\/05\/17\/formacao-pedagogica-inicial-de-formadores-9\/#primaryimage\"},\"thumbnailUrl\":\"https:\/\/conclusao.pt\/portal\/wp-content\/uploads\/2023\/04\/WhatsApp-Image-2023-04-18-at-16.11.25.jpeg\",\"datePublished\":\"2023-05-17T14:12:35+00:00\",\"breadcrumb\":{\"@id\":\"https:\/\/conclusao.pt\/portal\/2023\/05\/17\/formacao-pedagogica-inicial-de-formadores-9\/#breadcrumb\"},\"inLanguage\":\"pt-PT\",\"potentialAction\":[{\"@type\":\"ReadAction\",\"target\":[\"https:\/\/conclusao.pt\/portal\/2023\/05\/17\/formacao-pedagogica-inicial-de-formadores-9\/\"]}]},{\"@type\":\"ImageObject\",\"inLanguage\":\"pt-PT\",\"@id\":\"https:\/\/conclusao.pt\/portal\/2023\/05\/17\/formacao-pedagogica-inicial-de-formadores-9\/#primaryimage\",\"url\":\"https:\/\/conclusao.pt\/portal\/wp-content\/uploads\/2023\/04\/WhatsApp-Image-2023-04-18-at-16.11.25.jpeg\",\"contentUrl\":\"https:\/\/conclusao.pt\/portal\/wp-content\/uploads\/2023\/04\/WhatsApp-Image-2023-04-18-at-16.11.25.jpeg\",\"width\":1600,\"height\":1600},{\"@type\":\"BreadcrumbList\",\"@id\":\"https:\/\/conclusao.pt\/portal\/2023\/05\/17\/formacao-pedagogica-inicial-de-formadores-9\/#breadcrumb\",\"itemListElement\":[{\"@type\":\"ListItem\",\"position\":1,\"name\":\"In\u00edcio\",\"item\":\"https:\/\/conclusao.pt\/portal\/\"},{\"@type\":\"ListItem\",\"position\":2,\"name\":\"Forma\u00e7\u00e3o Pedag\u00f3gica Inicial de Formadores\"}]},{\"@type\":\"WebSite\",\"@id\":\"https:\/\/conclusao.pt\/portal\/#website\",\"url\":\"https:\/\/conclusao.pt\/portal\/\",\"name\":\"Conclus\u00e3o - Estudos e Forma\u00e7\u00e3o\",\"description\":\"A Conclus\u00e3o \u2013 Estudos e Forma\u00e7\u00e3o, Lda \u00e9 uma empresa que iniciou a sua atividade em 1987, tendo ao longo dos anos especializado na promo\u00e7\u00e3o de cursos de forma\u00e7\u00e3o profissional, na elabora\u00e7\u00e3o estudos e projetos e no desenvolvimento de atividades de consultoria empresarial.\",\"publisher\":{\"@id\":\"https:\/\/conclusao.pt\/portal\/#organization\"},\"potentialAction\":[{\"@type\":\"SearchAction\",\"target\":{\"@type\":\"EntryPoint\",\"urlTemplate\":\"https:\/\/conclusao.pt\/portal\/?s={search_term_string}\"},\"query-input\":{\"@type\":\"PropertyValueSpecification\",\"valueRequired\":true,\"valueName\":\"search_term_string\"}}],\"inLanguage\":\"pt-PT\"},{\"@type\":\"Organization\",\"@id\":\"https:\/\/conclusao.pt\/portal\/#organization\",\"name\":\"Conclus\u00e3o - Estudos e Forma\u00e7\u00e3o\",\"url\":\"https:\/\/conclusao.pt\/portal\/\",\"logo\":{\"@type\":\"ImageObject\",\"inLanguage\":\"pt-PT\",\"@id\":\"https:\/\/conclusao.pt\/portal\/#\/schema\/logo\/image\/\",\"url\":\"https:\/\/conclusao.pt\/portal\/wp-content\/uploads\/2023\/09\/cropped-logotipo.png\",\"contentUrl\":\"https:\/\/conclusao.pt\/portal\/wp-content\/uploads\/2023\/09\/cropped-logotipo.png\",\"width\":200,\"height\":65,\"caption\":\"Conclus\u00e3o - Estudos e Forma\u00e7\u00e3o\"},\"image\":{\"@id\":\"https:\/\/conclusao.pt\/portal\/#\/schema\/logo\/image\/\"},\"sameAs\":[\"https:\/\/www.facebook.com\/conclusaoformacao\/\",\"https:\/\/www.instagram.com\/conclusaolda\/\",\"https:\/\/www.linkedin.com\/company\/conclusao\/\"]},{\"@type\":\"Person\",\"@id\":\"https:\/\/conclusao.pt\/portal\/#\/schema\/person\/09d7c4f492d68ca85d3d45e0a5f2d31d\",\"name\":\"Comunicacao Edacademy\",\"image\":{\"@type\":\"ImageObject\",\"inLanguage\":\"pt-PT\",\"@id\":\"https:\/\/conclusao.pt\/portal\/#\/schema\/person\/image\/\",\"url\":\"https:\/\/secure.gravatar.com\/avatar\/?s=96&d=mm&r=g\",\"contentUrl\":\"https:\/\/secure.gravatar.com\/avatar\/?s=96&d=mm&r=g\",\"caption\":\"Comunicacao Edacademy\"},\"url\":\"https:\/\/conclusao.pt\/portal\/author\/comunicacao-edacademy\/\"}]}<\/script>\n<!-- \/ Yoast SEO plugin. -->","yoast_head_json":{"title":"Forma\u00e7\u00e3o Pedag\u00f3gica Inicial de Formadores - Conclus\u00e3o - Estudos e Forma\u00e7\u00e3o","robots":{"index":"index","follow":"follow","max-snippet":"max-snippet:-1","max-image-preview":"max-image-preview:large","max-video-preview":"max-video-preview:-1"},"canonical":"https:\/\/conclusao.pt\/portal\/2023\/05\/17\/formacao-pedagogica-inicial-de-formadores-9\/","og_locale":"pt_PT","og_type":"article","og_title":"Forma\u00e7\u00e3o Pedag\u00f3gica Inicial de Formadores - Conclus\u00e3o - Estudos e Forma\u00e7\u00e3o","og_description":"Se pretende adquirir o CCP (Certificado de Compet\u00eancias Pedag\u00f3gicas), ser um formador certificado e desempenhar um papel fulcral de orientar e dirigir uma turma de formandos, proporcionando o desenvolvimento de compet\u00eancias espec\u00edficas relacionadas a uma \u00e1rea, a Conclus\u00e3o \u00e9 o local indicado. A forma\u00e7\u00e3o ser\u00e1 realizada em regime b-learning e em hor\u00e1rio p\u00f3s-laboral. A totalidade &hellip; Forma\u00e7\u00e3o Pedag\u00f3gica Inicial de Formadores Read More &raquo;","og_url":"https:\/\/conclusao.pt\/portal\/2023\/05\/17\/formacao-pedagogica-inicial-de-formadores-9\/","og_site_name":"Conclus\u00e3o - Estudos e Forma\u00e7\u00e3o","article_publisher":"https:\/\/www.facebook.com\/conclusaoformacao\/","article_published_time":"2023-05-17T14:12:35+00:00","og_image":[{"width":1600,"height":1600,"url":"https:\/\/conclusao.pt\/portal\/wp-content\/uploads\/2023\/04\/WhatsApp-Image-2023-04-18-at-16.11.25.jpeg","type":"image\/jpeg"}],"author":"Comunicacao Edacademy","twitter_card":"summary_large_image","twitter_misc":{"Escrito por":"Comunicacao Edacademy","Tempo estimado de leitura":"1 minuto"},"schema":{"@context":"https:\/\/schema.org","@graph":[{"@type":"Article","@id":"https:\/\/conclusao.pt\/portal\/2023\/05\/17\/formacao-pedagogica-inicial-de-formadores-9\/#article","isPartOf":{"@id":"https:\/\/conclusao.pt\/portal\/2023\/05\/17\/formacao-pedagogica-inicial-de-formadores-9\/"},"author":{"name":"Comunicacao Edacademy","@id":"https:\/\/conclusao.pt\/portal\/#\/schema\/person\/09d7c4f492d68ca85d3d45e0a5f2d31d"},"headline":"Forma\u00e7\u00e3o Pedag\u00f3gica Inicial de Formadores","datePublished":"2023-05-17T14:12:35+00:00","mainEntityOfPage":{"@id":"https:\/\/conclusao.pt\/portal\/2023\/05\/17\/formacao-pedagogica-inicial-de-formadores-9\/"},"wordCount":207,"publisher":{"@id":"https:\/\/conclusao.pt\/portal\/#organization"},"image":{"@id":"https:\/\/conclusao.pt\/portal\/2023\/05\/17\/formacao-pedagogica-inicial-de-formadores-9\/#primaryimage"},"thumbnailUrl":"https:\/\/conclusao.pt\/portal\/wp-content\/uploads\/2023\/04\/WhatsApp-Image-2023-04-18-at-16.11.25.jpeg","articleSection":["Destaques","Not\u00edcias"],"inLanguage":"pt-PT"},{"@type":"WebPage","@id":"https:\/\/conclusao.pt\/portal\/2023\/05\/17\/formacao-pedagogica-inicial-de-formadores-9\/","url":"https:\/\/conclusao.pt\/portal\/2023\/05\/17\/formacao-pedagogica-inicial-de-formadores-9\/","name":"Forma\u00e7\u00e3o Pedag\u00f3gica Inicial de Formadores - Conclus\u00e3o - Estudos e Forma\u00e7\u00e3o","isPartOf":{"@id":"https:\/\/conclusao.pt\/portal\/#website"},"primaryImageOfPage":{"@id":"https:\/\/conclusao.pt\/portal\/2023\/05\/17\/formacao-pedagogica-inicial-de-formadores-9\/#primaryimage"},"image":{"@id":"https:\/\/conclusao.pt\/portal\/2023\/05\/17\/formacao-pedagogica-inicial-de-formadores-9\/#primaryimage"},"thumbnailUrl":"https:\/\/conclusao.pt\/portal\/wp-content\/uploads\/2023\/04\/WhatsApp-Image-2023-04-18-at-16.11.25.jpeg","datePublished":"2023-05-17T14:12:35+00:00","breadcrumb":{"@id":"https:\/\/conclusao.pt\/portal\/2023\/05\/17\/formacao-pedagogica-inicial-de-formadores-9\/#breadcrumb"},"inLanguage":"pt-PT","potentialAction":[{"@type":"ReadAction","target":["https:\/\/conclusao.pt\/portal\/2023\/05\/17\/formacao-pedagogica-inicial-de-formadores-9\/"]}]},{"@type":"ImageObject","inLanguage":"pt-PT","@id":"https:\/\/conclusao.pt\/portal\/2023\/05\/17\/formacao-pedagogica-inicial-de-formadores-9\/#primaryimage","url":"https:\/\/conclusao.pt\/portal\/wp-content\/uploads\/2023\/04\/WhatsApp-Image-2023-04-18-at-16.11.25.jpeg","contentUrl":"https:\/\/conclusao.pt\/portal\/wp-content\/uploads\/2023\/04\/WhatsApp-Image-2023-04-18-at-16.11.25.jpeg","width":1600,"height":1600},{"@type":"BreadcrumbList","@id":"https:\/\/conclusao.pt\/portal\/2023\/05\/17\/formacao-pedagogica-inicial-de-formadores-9\/#breadcrumb","itemListElement":[{"@type":"ListItem","position":1,"name":"In\u00edcio","item":"https:\/\/conclusao.pt\/portal\/"},{"@type":"ListItem","position":2,"name":"Forma\u00e7\u00e3o Pedag\u00f3gica Inicial de Formadores"}]},{"@type":"WebSite","@id":"https:\/\/conclusao.pt\/portal\/#website","url":"https:\/\/conclusao.pt\/portal\/","name":"Conclus\u00e3o - Estudos e Forma\u00e7\u00e3o","description":"A Conclus\u00e3o \u2013 Estudos e Forma\u00e7\u00e3o, Lda \u00e9 uma empresa que iniciou a sua atividade em 1987, tendo ao longo dos anos especializado na promo\u00e7\u00e3o de cursos de forma\u00e7\u00e3o profissional, na elabora\u00e7\u00e3o estudos e projetos e no desenvolvimento de atividades de consultoria empresarial.","publisher":{"@id":"https:\/\/conclusao.pt\/portal\/#organization"},"potentialAction":[{"@type":"SearchAction","target":{"@type":"EntryPoint","urlTemplate":"https:\/\/conclusao.pt\/portal\/?s={search_term_string}"},"query-input":{"@type":"PropertyValueSpecification","valueRequired":true,"valueName":"search_term_string"}}],"inLanguage":"pt-PT"},{"@type":"Organization","@id":"https:\/\/conclusao.pt\/portal\/#organization","name":"Conclus\u00e3o - Estudos e Forma\u00e7\u00e3o","url":"https:\/\/conclusao.pt\/portal\/","logo":{"@type":"ImageObject","inLanguage":"pt-PT","@id":"https:\/\/conclusao.pt\/portal\/#\/schema\/logo\/image\/","url":"https:\/\/conclusao.pt\/portal\/wp-content\/uploads\/2023\/09\/cropped-logotipo.png","contentUrl":"https:\/\/conclusao.pt\/portal\/wp-content\/uploads\/2023\/09\/cropped-logotipo.png","width":200,"height":65,"caption":"Conclus\u00e3o - Estudos e Forma\u00e7\u00e3o"},"image":{"@id":"https:\/\/conclusao.pt\/portal\/#\/schema\/logo\/image\/"},"sameAs":["https:\/\/www.facebook.com\/conclusaoformacao\/","https:\/\/www.instagram.com\/conclusaolda\/","https:\/\/www.linkedin.com\/company\/conclusao\/"]},{"@type":"Person","@id":"https:\/\/conclusao.pt\/portal\/#\/schema\/person\/09d7c4f492d68ca85d3d45e0a5f2d31d","name":"Comunicacao Edacademy","image":{"@type":"ImageObject","inLanguage":"pt-PT","@id":"https:\/\/conclusao.pt\/portal\/#\/schema\/person\/image\/","url":"https:\/\/secure.gravatar.com\/avatar\/?s=96&d=mm&r=g","contentUrl":"https:\/\/secure.gravatar.com\/avatar\/?s=96&d=mm&r=g","caption":"Comunicacao Edacademy"},"url":"https:\/\/conclusao.pt\/portal\/author\/comunicacao-edacademy\/"}]}},"uagb_featured_image_src":{"full":["https:\/\/conclusao.pt\/portal\/wp-content\/uploads\/2023\/04\/WhatsApp-Image-2023-04-18-at-16.11.25.jpeg",1600,1600,false],"thumbnail":["https:\/\/conclusao.pt\/portal\/wp-content\/uploads\/2023\/04\/WhatsApp-Image-2023-04-18-at-16.11.25-150x150.jpeg",150,150,true],"medium":["https:\/\/conclusao.pt\/portal\/wp-content\/uploads\/2023\/04\/WhatsApp-Image-2023-04-18-at-16.11.25-300x300.jpeg",300,300,true],"medium_large":["https:\/\/conclusao.pt\/portal\/wp-content\/uploads\/2023\/04\/WhatsApp-Image-2023-04-18-at-16.11.25-768x768.jpeg",768,768,true],"large":["https:\/\/conclusao.pt\/portal\/wp-content\/uploads\/2023\/04\/WhatsApp-Image-2023-04-18-at-16.11.25-1024x1024.jpeg",1024,1024,true],"1536x1536":["https:\/\/conclusao.pt\/portal\/wp-content\/uploads\/2023\/04\/WhatsApp-Image-2023-04-18-at-16.11.25-1536x1536.jpeg",1536,1536,true],"2048x2048":["https:\/\/conclusao.pt\/portal\/wp-content\/uploads\/2023\/04\/WhatsApp-Image-2023-04-18-at-16.11.25.jpeg",1600,1600,false],"woocommerce_thumbnail":["https:\/\/conclusao.pt\/portal\/wp-content\/uploads\/2023\/04\/WhatsApp-Image-2023-04-18-at-16.11.25-300x300.jpeg",300,300,true],"woocommerce_single":["https:\/\/conclusao.pt\/portal\/wp-content\/uploads\/2023\/04\/WhatsApp-Image-2023-04-18-at-16.11.25-600x600.jpeg",600,600,true],"woocommerce_gallery_thumbnail":["https:\/\/conclusao.pt\/portal\/wp-content\/uploads\/2023\/04\/WhatsApp-Image-2023-04-18-at-16.11.25-100x100.jpeg",100,100,true]},"uagb_author_info":{"display_name":"Comunicacao Edacademy","author_link":"https:\/\/conclusao.pt\/portal\/author\/comunicacao-edacademy\/"},"uagb_comment_info":0,"uagb_excerpt":"Se pretende adquirir o CCP (Certificado de Compet\u00eancias Pedag\u00f3gicas), ser um formador certificado e desempenhar um papel fulcral de orientar e dirigir uma turma de formandos, proporcionando o desenvolvimento de compet\u00eancias espec\u00edficas relacionadas a uma \u00e1rea, a Conclus\u00e3o \u00e9 o local indicado. A forma\u00e7\u00e3o ser\u00e1 realizada em regime b-learning e em hor\u00e1rio p\u00f3s-laboral. A totalidade&hellip;","_links":{"self":[{"href":"https:\/\/conclusao.pt\/portal\/wp-json\/wp\/v2\/posts\/34752","targetHints":{"allow":["GET"]}}],"collection":[{"href":"https:\/\/conclusao.pt\/portal\/wp-json\/wp\/v2\/posts"}],"about":[{"href":"https:\/\/conclusao.pt\/portal\/wp-json\/wp\/v2\/types\/post"}],"author":[{"embeddable":true,"href":"https:\/\/conclusao.pt\/portal\/wp-json\/wp\/v2\/users\/4"}],"replies":[{"embeddable":true,"href":"https:\/\/conclusao.pt\/portal\/wp-json\/wp\/v2\/comments?post=34752"}],"version-history":[{"count":0,"href":"https:\/\/conclusao.pt\/portal\/wp-json\/wp\/v2\/posts\/34752\/revisions"}],"wp:featuredmedia":[{"embeddable":true,"href":"https:\/\/conclusao.pt\/portal\/wp-json\/wp\/v2\/media\/34593"}],"wp:attachment":[{"href":"https:\/\/conclusao.pt\/portal\/wp-json\/wp\/v2\/media?parent=34752"}],"wp:term":[{"taxonomy":"category","embeddable":true,"href":"https:\/\/conclusao.pt\/portal\/wp-json\/wp\/v2\/categories?post=34752"},{"taxonomy":"post_tag","embeddable":true,"href":"https:\/\/conclusao.pt\/portal\/wp-json\/wp\/v2\/tags?post=34752"}],"curies":[{"name":"wp","href":"https:\/\/api.w.org\/{rel}","templated":true}]}}